{"id":22778,"date":"2022-05-23T10:31:42","date_gmt":"2022-05-23T14:31:42","guid":{"rendered":"http:\/\/elradar.info\/?p=22778"},"modified":"2024-02-01T12:18:43","modified_gmt":"2024-02-01T16:18:43","slug":"se-confirma-que-la-empresa-sofia-oculto-maiz-continuan-los-rumores-que-relacionan-a-la-empresa-con-luis-fernando-camacho","status":"publish","type":"post","link":"https:\/\/elradar.info\/?p=22778","title":{"rendered":"<strong>Se confirma que la empresa Sof\u00eda \u201cocult\u00f3\u201d ma\u00edz, contin\u00faan los rumores que relacionan a la empresa con Luis Fernando Camacho<\/strong>"},"content":{"rendered":"\n<p>Ayer, el ministro de Desarrollo Productivo y Econom\u00eda Plural, N\u00e9stor Huanca, ratific\u00f3 la decisi\u00f3n del Gobierno de iniciar procesos judiciales contra aquellas personas que atenten contra la seguridad alimentaria de los bolivianos. Esta declaraci\u00f3n se hizo posteriormente a que en operativos conjuntos realizados la semana pasada se confirmara que la empresa Sof\u00eda manten\u00eda acumulados 261 mil quintales de ma\u00edz.<\/p>\n\n\n\n<p>Ante esta situaci\u00f3n, Huanca agreg\u00f3:<\/p>\n\n\n\n<p>\u201c<em>Hemos encontrado por ejemplo tres almacenes de acopio en Santa Cruz y, bueno, no sabemos si tienen documentaci\u00f3n legal o no, eso ya el proceso investigativo lo determinar\u00e1; pero hemos encontrado alrededor de 5 mil quintales sin documentaci\u00f3n, estaban ocultando<\/em>\u201d.<\/p>\n\n\n\n<p>Este descubrimiento renov\u00f3 los rumores, que cundieron en 2019, de que la empresa Sof\u00eda estuviese vinculada de alg\u00fan modo con el gobernador cruce\u00f1o, Luis Fernando Camacho. En noviembre de 2019 varios ataques contra esta empresa se llevaron a cabo en las ciudades de El Alto y Cochabamba. En El Alto, se saque\u00f3 un almac\u00e9n de Sof\u00eda en el distrito 8, y en Cochabamba se retuvieron m\u00e1s de 20 camiones de la empresa, asegurando su relaci\u00f3n con Camacho.<\/p>\n\n\n\n<p>Pese a que la empresa public\u00f3 un comunicado desmintiendo los rumores, se ha difundido informaci\u00f3n acerca de que la relaci\u00f3n existe, y que se ha ocultado por el temor a represalias de los detractores del gobernador cruce\u00f1o.<\/p>\n","protected":false},"excerpt":{"rendered":"<p>Ayer, el ministro de Desarrollo Productivo y Econom\u00eda Plural, N\u00e9stor Huanca, ratific\u00f3 la decisi\u00f3n del Gobierno de iniciar procesos judiciales contra aquellas personas que atenten contra la seguridad alimentaria de los bolivianos. Esta declaraci\u00f3n se hizo posteriormente a que en operativos conjuntos realizados la semana pasada se confirmara que la empresa Sof\u00eda manten\u00eda acumulados 261 mil quintales de ma\u00edz. Ante esta situaci\u00f3n, Huanca agreg\u00f3: \u201cHemos encontrado por ejemplo tres almacenes de acopio en Santa Cruz y, bueno, no sabemos si tienen documentaci\u00f3n legal o no, eso ya el proceso investigativo lo determinar\u00e1; pero hemos encontrado alrededor de 5 mil quintales<\/p>\n","protected":false},"author":2,"featured_media":22781,"comment_status":"closed","ping_status":"open","sticky":false,"template":"","format":"standard","meta":{"_seopress_robots_primary_cat":"none","_seopress_titles_title":"","_seopress_titles_desc":"","_seopress_robots_index":"","_jetpack_memberships_contains_paid_content":false,"footnotes":""},"categories":[103],"tags":[2066,109,235,585,167,2065],"class_list":["post-22778","post","type-post","status-publish","format-standard","has-post-thumbnail","hentry","category-nacional","tag-acopio","tag-bolivia","tag-luis-fernando-camacho","tag-nestor-huanca","tag-santa-cruz","tag-sofia"],"jetpack_featured_media_url":"https:\/\/elradar.info\/wp-content\/uploads\/2022\/05\/WhatsApp-Image-2022-05-18-at-13.12.15.jpeg","jetpack_sharing_enabled":true,"amp_enabled":true,"_links":{"self":[{"href":"https:\/\/elradar.info\/index.php?rest_route=\/wp\/v2\/posts\/22778","targetHints":{"allow":["GET"]}}],"collection":[{"href":"https:\/\/elradar.info\/index.php?rest_route=\/wp\/v2\/posts"}],"about":[{"href":"https:\/\/elradar.info\/index.php?rest_route=\/wp\/v2\/types\/post"}],"author":[{"embeddable":true,"href":"https:\/\/elradar.info\/index.php?rest_route=\/wp\/v2\/users\/2"}],"replies":[{"embeddable":true,"href":"https:\/\/elradar.info\/index.php?rest_route=%2Fwp%2Fv2%2Fcomments&post=22778"}],"version-history":[{"count":1,"href":"https:\/\/elradar.info\/index.php?rest_route=\/wp\/v2\/posts\/22778\/revisions"}],"predecessor-version":[{"id":22782,"href":"https:\/\/elradar.info\/index.php?rest_route=\/wp\/v2\/posts\/22778\/revisions\/22782"}],"wp:featuredmedia":[{"embeddable":true,"href":"https:\/\/elradar.info\/index.php?rest_route=\/wp\/v2\/media\/22781"}],"wp:attachment":[{"href":"https:\/\/elradar.info\/index.php?rest_route=%2Fwp%2Fv2%2Fmedia&parent=22778"}],"wp:term":[{"taxonomy":"category","embeddable":true,"href":"https:\/\/elradar.info\/index.php?rest_route=%2Fwp%2Fv2%2Fcategories&post=22778"},{"taxonomy":"post_tag","embeddable":true,"href":"https:\/\/elradar.info\/index.php?rest_route=%2Fwp%2Fv2%2Ftags&post=22778"}],"curies":[{"name":"wp","href":"https:\/\/api.w.org\/{rel}","templated":true}]}}