{"id":22879,"date":"2022-05-24T13:17:35","date_gmt":"2022-05-24T17:17:35","guid":{"rendered":"http:\/\/elradar.info\/?p=22879"},"modified":"2024-02-01T12:18:42","modified_gmt":"2024-02-01T16:18:42","slug":"ministerio-publico-admite-denuncia-contra-autoridades-crucenas-por-los-delitos-de-racismo-discriminacion-y-ultraje-a-la-wiphala","status":"publish","type":"post","link":"https:\/\/elradar.info\/?p=22879","title":{"rendered":"<strong>Ministerio p\u00fablico admite denuncia contra autoridades cruce\u00f1as por los delitos de racismo, discriminaci\u00f3n y ultraje a la wiphala&nbsp;<\/strong>"},"content":{"rendered":"\n<p>El Ministerio P\u00fablico admiti\u00f3 la denuncia que presentaron diputados del Movimiento Al Socialismo (MAS) en septiembre del 2021 en contra del gobernador de Santa Cruz y otras autoridades locales, por los delitos de racismo, discriminaci\u00f3n y ultraje a la wiphala durante actos protocolares por la efem\u00e9ride departamental.&nbsp;<\/p>\n\n\n\n<p>El hecho ocurri\u00f3 con la bandera de la wiphala que, tras haber sido izada por el presidente en ejercicio David Choquehuanca, fue retirada por la fuerza del m\u00e1stil por un grupo de personas; adem\u00e1s le negaron la posibilidad de hacer uso de la palabra durante los actos de entrega floral e iza de la bandera en la plaza \u201c24 de Septiembre\u201d.<\/p>\n\n\n\n<p><em>\u201cEl ultraje a los s\u00edmbolos nacionales, la bandera, el himno, el escudo, se constituye en un delito de orden p\u00fablico, el Gobierno nacional va a accionar, se va a constituir en parte querellante en este delito y se han iniciado las investigaciones correspondientes con respeto al art\u00edculo 129 del C\u00f3digo Penal\u201d<\/em>, afirm\u00f3 el ministro de Justicia y Transparencia, Iv\u00e1n Lima.<\/p>\n\n\n\n<p>El ministro de Justicia tambi\u00e9n indic\u00f3 que hubo actos de discriminaci\u00f3n en contra del vicepresidente Choquehuanca y un dirigente campesino de nombre Iver Valenzuela que fue sacado de la plaza. Otro pol\u00e9mico hecho fue el que protagoniz\u00f3 el\u00a0 presidente del Comit\u00e9 C\u00edvico Pro Santa Cruz, R\u00f3mulo Calvo, quien se dio la vuelta y levant\u00f3 las manos para no dar la mano a los asamble\u00edstas del MAS en Santa Cruz.<\/p>\n","protected":false},"excerpt":{"rendered":"<p>El Ministerio P\u00fablico admiti\u00f3 la denuncia que presentaron diputados del Movimiento Al Socialismo (MAS) en septiembre del 2021 en contra del gobernador de Santa Cruz y otras autoridades locales, por los delitos de racismo, discriminaci\u00f3n y ultraje a la wiphala durante actos protocolares por la efem\u00e9ride departamental.&nbsp; El hecho ocurri\u00f3 con la bandera de la wiphala que, tras haber sido izada por el presidente en ejercicio David Choquehuanca, fue retirada por la fuerza del m\u00e1stil por un grupo de personas; adem\u00e1s le negaron la posibilidad de hacer uso de la palabra durante los actos de entrega floral e iza de<\/p>\n","protected":false},"author":2,"featured_media":22882,"comment_status":"closed","ping_status":"open","sticky":false,"template":"","format":"standard","meta":{"_seopress_robots_primary_cat":"none","_seopress_titles_title":"","_seopress_titles_desc":"","_seopress_robots_index":"","_jetpack_memberships_contains_paid_content":false,"footnotes":""},"categories":[103],"tags":[109,839,858,672,2110,2109,575,234,395,167,2108],"class_list":["post-22879","post","type-post","status-publish","format-standard","has-post-thumbnail","hentry","category-nacional","tag-bolivia","tag-denuncia","tag-discriminacion","tag-ivan-lima","tag-iver-valenzuela","tag-ministerio-de-justicia-y-transparencia","tag-ministerio-publico","tag-racismo","tag-romulo-calvo","tag-santa-cruz","tag-wiphala"],"jetpack_featured_media_url":"https:\/\/elradar.info\/wp-content\/uploads\/2022\/05\/2019-11-14t191721z-1638643368-rc27bd9rezwh-rtrmadp-3-bolivia-election.jpg","jetpack_sharing_enabled":true,"amp_enabled":true,"_links":{"self":[{"href":"https:\/\/elradar.info\/index.php?rest_route=\/wp\/v2\/posts\/22879","targetHints":{"allow":["GET"]}}],"collection":[{"href":"https:\/\/elradar.info\/index.php?rest_route=\/wp\/v2\/posts"}],"about":[{"href":"https:\/\/elradar.info\/index.php?rest_route=\/wp\/v2\/types\/post"}],"author":[{"embeddable":true,"href":"https:\/\/elradar.info\/index.php?rest_route=\/wp\/v2\/users\/2"}],"replies":[{"embeddable":true,"href":"https:\/\/elradar.info\/index.php?rest_route=%2Fwp%2Fv2%2Fcomments&post=22879"}],"version-history":[{"count":1,"href":"https:\/\/elradar.info\/index.php?rest_route=\/wp\/v2\/posts\/22879\/revisions"}],"predecessor-version":[{"id":22883,"href":"https:\/\/elradar.info\/index.php?rest_route=\/wp\/v2\/posts\/22879\/revisions\/22883"}],"wp:featuredmedia":[{"embeddable":true,"href":"https:\/\/elradar.info\/index.php?rest_route=\/wp\/v2\/media\/22882"}],"wp:attachment":[{"href":"https:\/\/elradar.info\/index.php?rest_route=%2Fwp%2Fv2%2Fmedia&parent=22879"}],"wp:term":[{"taxonomy":"category","embeddable":true,"href":"https:\/\/elradar.info\/index.php?rest_route=%2Fwp%2Fv2%2Fcategories&post=22879"},{"taxonomy":"post_tag","embeddable":true,"href":"https:\/\/elradar.info\/index.php?rest_route=%2Fwp%2Fv2%2Ftags&post=22879"}],"curies":[{"name":"wp","href":"https:\/\/api.w.org\/{rel}","templated":true}]}}