{"id":22890,"date":"2022-05-24T14:50:22","date_gmt":"2022-05-24T18:50:22","guid":{"rendered":"http:\/\/elradar.info\/?p=22890"},"modified":"2024-02-01T12:18:42","modified_gmt":"2024-02-01T16:18:42","slug":"sergio-perovic-se-habria-suicidado-en-argentina","status":"publish","type":"post","link":"https:\/\/elradar.info\/?p=22890","title":{"rendered":"<strong>Sergio Perovic se habr\u00eda suicidado en Argentina<\/strong>"},"content":{"rendered":"\n<p>Luego de que la pasada semana se anunciara un posible nuevo proceso contra Sergio Perovic, esposo de la exalcaldesa de Santa Cruz, Ang\u00e9lica Sosa, hoy se dio a conocer informaci\u00f3n a\u00fan no confirmada de que este habr\u00eda acabado con su vida en Jujuy, Argentina.<\/p>\n\n\n\n<p>Seg\u00fan datos preliminares, Sosa ya tendr\u00eda conocimiento del hecho mientras contin\u00faa recluida en la c\u00e1rcel de Palmasola.<\/p>\n\n\n\n<p>Perovic era uno de los investigados por el sonado caso de los \u00edtems fantasma en la alcald\u00eda de Santa Cruz, pues fungi\u00f3 como asesor externo de la alcaldesa durante ese tiempo. En febrero de este a\u00f1o, se dio a conocer que ser\u00eda imputado por el delito de legitimaci\u00f3n de ganancias il\u00edcitas y, hace unos d\u00edas atr\u00e1s, se confirm\u00f3 que ser\u00eda investigado por su participaci\u00f3n en el caso Prest\u00edn, que llevaba a cabo pr\u00e9stamos de dinero con recursos de la alcald\u00eda, tambi\u00e9n se descubri\u00f3 que contaba con dos n\u00fameros de c\u00e9dula de identidad, lo que se vio como un caso irregular.<\/p>\n\n\n\n<p>La confirmaci\u00f3n y los detalles de su muerte a\u00fan no se han dado a conocer y habr\u00edan sido brindados por fuentes allegadas a la familia.<\/p>\n","protected":false},"excerpt":{"rendered":"<p>Luego de que la pasada semana se anunciara un posible nuevo proceso contra Sergio Perovic, esposo de la exalcaldesa de Santa Cruz, Ang\u00e9lica Sosa, hoy se dio a conocer informaci\u00f3n a\u00fan no confirmada de que este habr\u00eda acabado con su vida en Jujuy, Argentina. Seg\u00fan datos preliminares, Sosa ya tendr\u00eda conocimiento del hecho mientras contin\u00faa recluida en la c\u00e1rcel de Palmasola. Perovic era uno de los investigados por el sonado caso de los \u00edtems fantasma en la alcald\u00eda de Santa Cruz, pues fungi\u00f3 como asesor externo de la alcaldesa durante ese tiempo. En febrero de este a\u00f1o, se dio a<\/p>\n","protected":false},"author":2,"featured_media":22893,"comment_status":"closed","ping_status":"open","sticky":false,"template":"","format":"standard","meta":{"_seopress_robots_primary_cat":"none","_seopress_titles_title":"","_seopress_titles_desc":"","_seopress_robots_index":"","_jetpack_memberships_contains_paid_content":false,"footnotes":""},"categories":[103],"tags":[183,109,167,2116,2118],"class_list":["post-22890","post","type-post","status-publish","format-standard","has-post-thumbnail","hentry","category-nacional","tag-angelica-sosa","tag-bolivia","tag-santa-cruz","tag-sergio-perovic","tag-suicidio"],"jetpack_featured_media_url":"https:\/\/elradar.info\/wp-content\/uploads\/2022\/05\/1543776847.png","jetpack_sharing_enabled":true,"amp_enabled":true,"_links":{"self":[{"href":"https:\/\/elradar.info\/index.php?rest_route=\/wp\/v2\/posts\/22890","targetHints":{"allow":["GET"]}}],"collection":[{"href":"https:\/\/elradar.info\/index.php?rest_route=\/wp\/v2\/posts"}],"about":[{"href":"https:\/\/elradar.info\/index.php?rest_route=\/wp\/v2\/types\/post"}],"author":[{"embeddable":true,"href":"https:\/\/elradar.info\/index.php?rest_route=\/wp\/v2\/users\/2"}],"replies":[{"embeddable":true,"href":"https:\/\/elradar.info\/index.php?rest_route=%2Fwp%2Fv2%2Fcomments&post=22890"}],"version-history":[{"count":1,"href":"https:\/\/elradar.info\/index.php?rest_route=\/wp\/v2\/posts\/22890\/revisions"}],"predecessor-version":[{"id":22894,"href":"https:\/\/elradar.info\/index.php?rest_route=\/wp\/v2\/posts\/22890\/revisions\/22894"}],"wp:featuredmedia":[{"embeddable":true,"href":"https:\/\/elradar.info\/index.php?rest_route=\/wp\/v2\/media\/22893"}],"wp:attachment":[{"href":"https:\/\/elradar.info\/index.php?rest_route=%2Fwp%2Fv2%2Fmedia&parent=22890"}],"wp:term":[{"taxonomy":"category","embeddable":true,"href":"https:\/\/elradar.info\/index.php?rest_route=%2Fwp%2Fv2%2Fcategories&post=22890"},{"taxonomy":"post_tag","embeddable":true,"href":"https:\/\/elradar.info\/index.php?rest_route=%2Fwp%2Fv2%2Ftags&post=22890"}],"curies":[{"name":"wp","href":"https:\/\/api.w.org\/{rel}","templated":true}]}}