{"id":22945,"date":"2022-05-25T15:34:35","date_gmt":"2022-05-25T19:34:35","guid":{"rendered":"http:\/\/elradar.info\/?p=22945"},"modified":"2024-02-01T12:18:41","modified_gmt":"2024-02-01T16:18:41","slug":"matilde-casazola-es-declarada-tesoro-humano-viviente","status":"publish","type":"post","link":"https:\/\/elradar.info\/?p=22945","title":{"rendered":"<strong>Matilde Casazola es declarada \u201cTesoro Humano Viviente\u201d<\/strong>"},"content":{"rendered":"\n<p>En el marco de los festejos por la efem\u00e9rides chuquisaque\u00f1a, el presidente Luis Arce Catacora distingui\u00f3 a la cantautora, compositora, maestra y poeta Matilde Casazola, declar\u00e1ndola \u201cTesoro humano viviente\u201d en la sesi\u00f3n de honor que se desarroll\u00f3 junto a la Asamblea Departamental de Chuquisaca y el Concejo Municipal de Sucre por el 213 aniversario del primer grito libertario de Am\u00e9rica Latina.<\/p>\n\n\n\n<p>En el emotivo acto, Arce destac\u00f3 la extensa labor de Cazasola, quien, al tiempo de recibir el reconocimiento, expres\u00f3:<\/p>\n\n\n\n<p><em>\u201cMi arte se siente conmovido. Poes\u00eda y m\u00fasica han guiado mi camino desde la temprana ni\u00f1ez hasta el tramo actual de mi existencia, habiendo querido compartir este destino con todo aquel que busque tal alimento espiritual (\u2026) Como campos de trigo balance\u00e1ndose al viento veo mecerse mis canciones en las voces de inn\u00fameros trovadores que las llevan por sendas de la tierra. Gracias Sucre, gracias amigos, todos, que me abrazan con su afecto\u201d.<\/em><\/p>\n\n\n\n<p>En los \u00faltimos d\u00edas, muchos artistas e instituciones se sumaron a la iniciativa de Willy Claure, quien a trav\u00e9s de la Fundaci\u00f3n Cultura Cueca Boliviana solicit\u00f3 al presidente Luis Arce Catacora otorgar tambi\u00e9n la condecoraci\u00f3n del C\u00f3ndor de los Andes a Casazola, como una forma de reconocimiento hacia su trayectoria art\u00edstica.<\/p>\n","protected":false},"excerpt":{"rendered":"<p>En el marco de los festejos por la efem\u00e9rides chuquisaque\u00f1a, el presidente Luis Arce Catacora distingui\u00f3 a la cantautora, compositora, maestra y poeta Matilde Casazola, declar\u00e1ndola \u201cTesoro humano viviente\u201d en la sesi\u00f3n de honor que se desarroll\u00f3 junto a la Asamblea Departamental de Chuquisaca y el Concejo Municipal de Sucre por el 213 aniversario del primer grito libertario de Am\u00e9rica Latina. En el emotivo acto, Arce destac\u00f3 la extensa labor de Cazasola, quien, al tiempo de recibir el reconocimiento, expres\u00f3: \u201cMi arte se siente conmovido. Poes\u00eda y m\u00fasica han guiado mi camino desde la temprana ni\u00f1ez hasta el tramo actual<\/p>\n","protected":false},"author":2,"featured_media":22948,"comment_status":"closed","ping_status":"open","sticky":false,"template":"","format":"standard","meta":{"_seopress_robots_primary_cat":"none","_seopress_titles_title":"","_seopress_titles_desc":"","_seopress_robots_index":"","_jetpack_memberships_contains_paid_content":false,"footnotes":""},"categories":[127,103],"tags":[2139,959,2137,109,2138,120,1607,2140,2135],"class_list":["post-22945","post","type-post","status-publish","format-standard","has-post-thumbnail","hentry","category-cultura","category-nacional","tag-213-aniversario","tag-america-latina","tag-asamblea-departamental-de-chuquisaca","tag-bolivia","tag-concejo-municipal-de-sucre","tag-luis-arce-catacora","tag-matilde-casazola","tag-primer-grito-libertario","tag-tesoro-humano-viviente"],"jetpack_featured_media_url":"https:\/\/elradar.info\/wp-content\/uploads\/2022\/05\/f290c8b8-9ee8-40f8-a94c-9eded0b770a4.jpg","jetpack_sharing_enabled":true,"amp_enabled":true,"_links":{"self":[{"href":"https:\/\/elradar.info\/index.php?rest_route=\/wp\/v2\/posts\/22945","targetHints":{"allow":["GET"]}}],"collection":[{"href":"https:\/\/elradar.info\/index.php?rest_route=\/wp\/v2\/posts"}],"about":[{"href":"https:\/\/elradar.info\/index.php?rest_route=\/wp\/v2\/types\/post"}],"author":[{"embeddable":true,"href":"https:\/\/elradar.info\/index.php?rest_route=\/wp\/v2\/users\/2"}],"replies":[{"embeddable":true,"href":"https:\/\/elradar.info\/index.php?rest_route=%2Fwp%2Fv2%2Fcomments&post=22945"}],"version-history":[{"count":1,"href":"https:\/\/elradar.info\/index.php?rest_route=\/wp\/v2\/posts\/22945\/revisions"}],"predecessor-version":[{"id":22949,"href":"https:\/\/elradar.info\/index.php?rest_route=\/wp\/v2\/posts\/22945\/revisions\/22949"}],"wp:featuredmedia":[{"embeddable":true,"href":"https:\/\/elradar.info\/index.php?rest_route=\/wp\/v2\/media\/22948"}],"wp:attachment":[{"href":"https:\/\/elradar.info\/index.php?rest_route=%2Fwp%2Fv2%2Fmedia&parent=22945"}],"wp:term":[{"taxonomy":"category","embeddable":true,"href":"https:\/\/elradar.info\/index.php?rest_route=%2Fwp%2Fv2%2Fcategories&post=22945"},{"taxonomy":"post_tag","embeddable":true,"href":"https:\/\/elradar.info\/index.php?rest_route=%2Fwp%2Fv2%2Ftags&post=22945"}],"curies":[{"name":"wp","href":"https:\/\/api.w.org\/{rel}","templated":true}]}}