{"id":23053,"date":"2022-05-27T12:41:54","date_gmt":"2022-05-27T16:41:54","guid":{"rendered":"http:\/\/elradar.info\/?p=23053"},"modified":"2024-02-01T12:18:40","modified_gmt":"2024-02-01T16:18:40","slug":"camacho-se-fue-de-vacaciones-a-eeuu-comunidad-ciudadana-pide-revocatorio","status":"publish","type":"post","link":"https:\/\/elradar.info\/?p=23053","title":{"rendered":"<strong>Camacho se fue de vacaciones a EEUU, Comunidad Ciudadana pide revocatorio<\/strong>"},"content":{"rendered":"\n<p>El Gobernador cruce\u00f1o habr\u00eda priorizado su viaje de luna de miel antes de responder a la Comisi\u00f3n de Organizaci\u00f3n Territorial de la C\u00e1mara de Diputados, por la emisi\u00f3n inconstitucional del Decreto 373 que restringe atribuciones al sub gobernador, seg\u00fan varios legisladores.<\/p>\n\n\n\n<p>\u201c(Camacho) nunca fue una alternativa\u201d para gobernar Santa Cruz, sostuvo Luisa Nayar, diputada de comunidad ciudadana (CC), presidenta de la Comisi\u00f3n de Organizaci\u00f3n Territorial, el departamento necesita un l\u00edder que cuente con un proyecto para atender la emergencia de salud y la crisis econ\u00f3mica, expres\u00f3.<\/p>\n\n\n\n<p>Fernando Camacho deb\u00eda trasladarse este lunes a la Sede de Gobierno, para brindar un informe respecto a la publicaci\u00f3n en la gaceta departamental del decreto 373, mediante el cual se vulner\u00f3 el Estatuto Auton\u00f3mico Departamental, otorgando atribuciones de vicegobernador a un funcionario p\u00fablico.<\/p>\n\n\n\n<p>Seg\u00fan una \u00faltima encuesta, publicada por el peri\u00f3dico pace\u00f1o P\u00e1gina-7, Fernando Camacho, tiene 64.1% de imagen negativa.<\/p>\n","protected":false},"excerpt":{"rendered":"<p>El Gobernador cruce\u00f1o habr\u00eda priorizado su viaje de luna de miel antes de responder a la Comisi\u00f3n de Organizaci\u00f3n Territorial de la C\u00e1mara de Diputados, por la emisi\u00f3n inconstitucional del Decreto 373 que restringe atribuciones al sub gobernador, seg\u00fan varios legisladores. \u201c(Camacho) nunca fue una alternativa\u201d para gobernar Santa Cruz, sostuvo Luisa Nayar, diputada de comunidad ciudadana (CC), presidenta de la Comisi\u00f3n de Organizaci\u00f3n Territorial, el departamento necesita un l\u00edder que cuente con un proyecto para atender la emergencia de salud y la crisis econ\u00f3mica, expres\u00f3. Fernando Camacho deb\u00eda trasladarse este lunes a la Sede de Gobierno, para brindar un<\/p>\n","protected":false},"author":2,"featured_media":23057,"comment_status":"closed","ping_status":"open","sticky":false,"template":"","format":"standard","meta":{"_seopress_robots_primary_cat":"none","_seopress_titles_title":"","_seopress_titles_desc":"","_seopress_robots_index":"","_jetpack_memberships_contains_paid_content":false,"footnotes":""},"categories":[103],"tags":[109,1002,580,235,2181,2086,1522],"class_list":["post-23053","post","type-post","status-publish","format-standard","has-post-thumbnail","hentry","category-nacional","tag-bolivia","tag-comunidad-ciudadana","tag-gobernacion","tag-luis-fernando-camacho","tag-luisa-nayar","tag-luna-de-miel","tag-revocatorio"],"jetpack_featured_media_url":"https:\/\/elradar.info\/wp-content\/uploads\/2022\/05\/2022041821164770269.jpg","jetpack_sharing_enabled":true,"amp_enabled":true,"_links":{"self":[{"href":"https:\/\/elradar.info\/index.php?rest_route=\/wp\/v2\/posts\/23053","targetHints":{"allow":["GET"]}}],"collection":[{"href":"https:\/\/elradar.info\/index.php?rest_route=\/wp\/v2\/posts"}],"about":[{"href":"https:\/\/elradar.info\/index.php?rest_route=\/wp\/v2\/types\/post"}],"author":[{"embeddable":true,"href":"https:\/\/elradar.info\/index.php?rest_route=\/wp\/v2\/users\/2"}],"replies":[{"embeddable":true,"href":"https:\/\/elradar.info\/index.php?rest_route=%2Fwp%2Fv2%2Fcomments&post=23053"}],"version-history":[{"count":1,"href":"https:\/\/elradar.info\/index.php?rest_route=\/wp\/v2\/posts\/23053\/revisions"}],"predecessor-version":[{"id":23058,"href":"https:\/\/elradar.info\/index.php?rest_route=\/wp\/v2\/posts\/23053\/revisions\/23058"}],"wp:featuredmedia":[{"embeddable":true,"href":"https:\/\/elradar.info\/index.php?rest_route=\/wp\/v2\/media\/23057"}],"wp:attachment":[{"href":"https:\/\/elradar.info\/index.php?rest_route=%2Fwp%2Fv2%2Fmedia&parent=23053"}],"wp:term":[{"taxonomy":"category","embeddable":true,"href":"https:\/\/elradar.info\/index.php?rest_route=%2Fwp%2Fv2%2Fcategories&post=23053"},{"taxonomy":"post_tag","embeddable":true,"href":"https:\/\/elradar.info\/index.php?rest_route=%2Fwp%2Fv2%2Ftags&post=23053"}],"curies":[{"name":"wp","href":"https:\/\/api.w.org\/{rel}","templated":true}]}}