{"id":23107,"date":"2022-05-28T11:04:49","date_gmt":"2022-05-28T15:04:49","guid":{"rendered":"http:\/\/elradar.info\/?p=23107"},"modified":"2024-02-01T12:18:39","modified_gmt":"2024-02-01T16:18:39","slug":"senkata-festeja-su-aniversario","status":"publish","type":"post","link":"https:\/\/elradar.info\/?p=23107","title":{"rendered":"<strong>Senkata festeja su aniversario<\/strong>"},"content":{"rendered":"\n<p>En el marco de los festejos por el aniversario de la zona de Senkata, en la ciudad de El Alto, ayer se inaugur\u00f3 una nueva oficina de SEGIP. El ministro de gobierno, Eduardo Del Castillo, estuvo presente en el evento y expres\u00f3:<\/p>\n\n\n\n<p><em>\u201cFestejando un sue\u00f1o alcanzado, que era abrir el SEGIP aqu\u00ed en Senkata. Hemos visto c\u00f3mo desde este lugar se ha luchado por los recursos naturales, se ha luchado por la democracia, por la justicia social y por todas y cada una de las causas de todo el pueblo boliviano, por tanto, siempre, nuestro Gobierno va a estar en deuda, con todo el Distrito 8, con Senkata, y con todo el municipio de El Alto. En estas instalaciones vamos a poder emitir 120 c\u00e9dulas cada d\u00eda. Por tanto, en un a\u00f1o, vamos a emitir m\u00e1s de 28.800 c\u00e9dulas de identidad\u201d.<\/em><\/p>\n\n\n\n<p>Por su mes aniversario, esta nueva oficina recibir\u00e1 pagos en efectivo sin que sea necesario el dep\u00f3sito bancario.<\/p>\n\n\n\n<p>Como parte de los festejos, hoy realiz\u00f3 el desfile c\u00edvico en la zona, del mismo particip\u00f3 tambi\u00e9n el ministro de gobierno adem\u00e1s de autoridades de la polic\u00eda boliviana como el Comandante General Gral.1ro.M\u00e1ximo Jhonny Aguilera Montecinos y delegaciones de diferentes unidades policiales.<\/p>\n\n\n\n<p>En las redes sociales de la polic\u00eda se lee la siguiente publicaci\u00f3n:<\/p>\n\n\n\n<p><em>\u201cNuestro compromiso con la ciudad m\u00e1s joven de Bolivia, trabajaremos para seguir d\u00e1ndole seguridad y tranquilidad, bases para el desarrollo\u201d.<\/em><\/p>\n\n\n\n<figure class=\"wp-block-gallery has-nested-images columns-default is-cropped wp-block-gallery-1 is-layout-flex wp-block-gallery-is-layout-flex\">\n<figure class=\"wp-block-image size-large\"><img loading=\"lazy\" decoding=\"async\" width=\"1024\" height=\"768\" data-id=\"23114\" src=\"https:\/\/elradar.info\/wp-content\/uploads\/2022\/05\/284150006_4926181910840566_7819427491881390589_n-1024x768.jpg\" alt=\"\" class=\"wp-image-23114\" srcset=\"https:\/\/elradar.info\/wp-content\/uploads\/2022\/05\/284150006_4926181910840566_7819427491881390589_n-1024x768.jpg 1024w, https:\/\/elradar.info\/wp-content\/uploads\/2022\/05\/284150006_4926181910840566_7819427491881390589_n-300x225.jpg 300w, https:\/\/elradar.info\/wp-content\/uploads\/2022\/05\/284150006_4926181910840566_7819427491881390589_n-768x576.jpg 768w, https:\/\/elradar.info\/wp-content\/uploads\/2022\/05\/284150006_4926181910840566_7819427491881390589_n-1536x1152.jpg 1536w, https:\/\/elradar.info\/wp-content\/uploads\/2022\/05\/284150006_4926181910840566_7819427491881390589_n-360x270.jpg 360w, https:\/\/elradar.info\/wp-content\/uploads\/2022\/05\/284150006_4926181910840566_7819427491881390589_n.jpg 1600w\" sizes=\"auto, (max-width: 1024px) 100vw, 1024px\" \/><\/figure>\n\n\n\n<figure class=\"wp-block-image size-large\"><img loading=\"lazy\" decoding=\"async\" width=\"1024\" height=\"768\" data-id=\"23115\" src=\"https:\/\/elradar.info\/wp-content\/uploads\/2022\/05\/284358847_4926181934173897_3653831198998028722_n-1024x768.jpg\" alt=\"\" class=\"wp-image-23115\" srcset=\"https:\/\/elradar.info\/wp-content\/uploads\/2022\/05\/284358847_4926181934173897_3653831198998028722_n-1024x768.jpg 1024w, https:\/\/elradar.info\/wp-content\/uploads\/2022\/05\/284358847_4926181934173897_3653831198998028722_n-300x225.jpg 300w, https:\/\/elradar.info\/wp-content\/uploads\/2022\/05\/284358847_4926181934173897_3653831198998028722_n-768x576.jpg 768w, https:\/\/elradar.info\/wp-content\/uploads\/2022\/05\/284358847_4926181934173897_3653831198998028722_n-1536x1152.jpg 1536w, https:\/\/elradar.info\/wp-content\/uploads\/2022\/05\/284358847_4926181934173897_3653831198998028722_n-360x270.jpg 360w, https:\/\/elradar.info\/wp-content\/uploads\/2022\/05\/284358847_4926181934173897_3653831198998028722_n.jpg 1600w\" sizes=\"auto, (max-width: 1024px) 100vw, 1024px\" \/><\/figure>\n\n\n\n<figure class=\"wp-block-image size-large\"><img loading=\"lazy\" decoding=\"async\" width=\"1024\" height=\"684\" data-id=\"23113\" src=\"https:\/\/elradar.info\/wp-content\/uploads\/2022\/05\/284378367_409682447685725_6595533228184490518_n-1024x684.jpg\" alt=\"\" class=\"wp-image-23113\" srcset=\"https:\/\/elradar.info\/wp-content\/uploads\/2022\/05\/284378367_409682447685725_6595533228184490518_n-1024x684.jpg 1024w, https:\/\/elradar.info\/wp-content\/uploads\/2022\/05\/284378367_409682447685725_6595533228184490518_n-300x200.jpg 300w, https:\/\/elradar.info\/wp-content\/uploads\/2022\/05\/284378367_409682447685725_6595533228184490518_n-768x513.jpg 768w, https:\/\/elradar.info\/wp-content\/uploads\/2022\/05\/284378367_409682447685725_6595533228184490518_n-1536x1026.jpg 1536w, https:\/\/elradar.info\/wp-content\/uploads\/2022\/05\/284378367_409682447685725_6595533228184490518_n-360x241.jpg 360w, https:\/\/elradar.info\/wp-content\/uploads\/2022\/05\/284378367_409682447685725_6595533228184490518_n.jpg 1600w\" sizes=\"auto, (max-width: 1024px) 100vw, 1024px\" \/><\/figure>\n\n\n\n<figure class=\"wp-block-image size-large\"><img loading=\"lazy\" decoding=\"async\" width=\"1024\" height=\"684\" data-id=\"23111\" src=\"https:\/\/elradar.info\/wp-content\/uploads\/2022\/05\/283152121_409682307685739_660759218112885246_n-1024x684.jpg\" alt=\"\" class=\"wp-image-23111\" srcset=\"https:\/\/elradar.info\/wp-content\/uploads\/2022\/05\/283152121_409682307685739_660759218112885246_n-1024x684.jpg 1024w, https:\/\/elradar.info\/wp-content\/uploads\/2022\/05\/283152121_409682307685739_660759218112885246_n-300x200.jpg 300w, https:\/\/elradar.info\/wp-content\/uploads\/2022\/05\/283152121_409682307685739_660759218112885246_n-768x513.jpg 768w, https:\/\/elradar.info\/wp-content\/uploads\/2022\/05\/283152121_409682307685739_660759218112885246_n-1536x1026.jpg 1536w, https:\/\/elradar.info\/wp-content\/uploads\/2022\/05\/283152121_409682307685739_660759218112885246_n-360x241.jpg 360w, https:\/\/elradar.info\/wp-content\/uploads\/2022\/05\/283152121_409682307685739_660759218112885246_n.jpg 1600w\" sizes=\"auto, (max-width: 1024px) 100vw, 1024px\" \/><\/figure>\n\n\n\n<figure class=\"wp-block-image size-large\"><img loading=\"lazy\" decoding=\"async\" width=\"1024\" height=\"684\" data-id=\"23112\" src=\"https:\/\/elradar.info\/wp-content\/uploads\/2022\/05\/284239084_409682097685760_3016975633394394432_n-1024x684.jpg\" alt=\"\" class=\"wp-image-23112\" srcset=\"https:\/\/elradar.info\/wp-content\/uploads\/2022\/05\/284239084_409682097685760_3016975633394394432_n-1024x684.jpg 1024w, https:\/\/elradar.info\/wp-content\/uploads\/2022\/05\/284239084_409682097685760_3016975633394394432_n-300x200.jpg 300w, https:\/\/elradar.info\/wp-content\/uploads\/2022\/05\/284239084_409682097685760_3016975633394394432_n-768x513.jpg 768w, https:\/\/elradar.info\/wp-content\/uploads\/2022\/05\/284239084_409682097685760_3016975633394394432_n-1536x1026.jpg 1536w, https:\/\/elradar.info\/wp-content\/uploads\/2022\/05\/284239084_409682097685760_3016975633394394432_n-360x241.jpg 360w, https:\/\/elradar.info\/wp-content\/uploads\/2022\/05\/284239084_409682097685760_3016975633394394432_n.jpg 1600w\" sizes=\"auto, (max-width: 1024px) 100vw, 1024px\" \/><\/figure>\n<\/figure>\n","protected":false},"excerpt":{"rendered":"<p>En el marco de los festejos por el aniversario de la zona de Senkata, en la ciudad de El Alto, ayer se inaugur\u00f3 una nueva oficina de SEGIP. El ministro de gobierno, Eduardo Del Castillo, estuvo presente en el evento y expres\u00f3: \u201cFestejando un sue\u00f1o alcanzado, que era abrir el SEGIP aqu\u00ed en Senkata. Hemos visto c\u00f3mo desde este lugar se ha luchado por los recursos naturales, se ha luchado por la democracia, por la justicia social y por todas y cada una de las causas de todo el pueblo boliviano, por tanto, siempre, nuestro Gobierno va a estar en<\/p>\n","protected":false},"author":2,"featured_media":23110,"comment_status":"closed","ping_status":"open","sticky":false,"template":"","format":"standard","meta":{"_seopress_robots_primary_cat":"none","_seopress_titles_title":"","_seopress_titles_desc":"","_seopress_robots_index":"","_jetpack_memberships_contains_paid_content":false,"footnotes":""},"categories":[103],"tags":[402,109,129,246,765,1257],"class_list":["post-23107","post","type-post","status-publish","format-standard","has-post-thumbnail","hentry","category-nacional","tag-aniversario","tag-bolivia","tag-eduardo-del-castillo","tag-ministerio-de-gobierno","tag-segip","tag-senkata"],"jetpack_featured_media_url":"https:\/\/elradar.info\/wp-content\/uploads\/2022\/05\/284465151_353584200201849_4989704495411987476_n.jpg","jetpack_sharing_enabled":true,"amp_enabled":true,"_links":{"self":[{"href":"https:\/\/elradar.info\/index.php?rest_route=\/wp\/v2\/posts\/23107","targetHints":{"allow":["GET"]}}],"collection":[{"href":"https:\/\/elradar.info\/index.php?rest_route=\/wp\/v2\/posts"}],"about":[{"href":"https:\/\/elradar.info\/index.php?rest_route=\/wp\/v2\/types\/post"}],"author":[{"embeddable":true,"href":"https:\/\/elradar.info\/index.php?rest_route=\/wp\/v2\/users\/2"}],"replies":[{"embeddable":true,"href":"https:\/\/elradar.info\/index.php?rest_route=%2Fwp%2Fv2%2Fcomments&post=23107"}],"version-history":[{"count":1,"href":"https:\/\/elradar.info\/index.php?rest_route=\/wp\/v2\/posts\/23107\/revisions"}],"predecessor-version":[{"id":23116,"href":"https:\/\/elradar.info\/index.php?rest_route=\/wp\/v2\/posts\/23107\/revisions\/23116"}],"wp:featuredmedia":[{"embeddable":true,"href":"https:\/\/elradar.info\/index.php?rest_route=\/wp\/v2\/media\/23110"}],"wp:attachment":[{"href":"https:\/\/elradar.info\/index.php?rest_route=%2Fwp%2Fv2%2Fmedia&parent=23107"}],"wp:term":[{"taxonomy":"category","embeddable":true,"href":"https:\/\/elradar.info\/index.php?rest_route=%2Fwp%2Fv2%2Fcategories&post=23107"},{"taxonomy":"post_tag","embeddable":true,"href":"https:\/\/elradar.info\/index.php?rest_route=%2Fwp%2Fv2%2Ftags&post=23107"}],"curies":[{"name":"wp","href":"https:\/\/api.w.org\/{rel}","templated":true}]}}