{"id":23124,"date":"2022-05-28T12:39:48","date_gmt":"2022-05-28T16:39:48","guid":{"rendered":"http:\/\/elradar.info\/?p=23124"},"modified":"2024-02-01T12:18:39","modified_gmt":"2024-02-01T16:18:39","slug":"dos-hombres-son-aprehendidos-en-relacion-a-la-desaparicion-de-yancarla-fernandez","status":"publish","type":"post","link":"https:\/\/elradar.info\/?p=23124","title":{"rendered":"<strong>Dos hombres son aprehendidos en relaci\u00f3n a la desaparici\u00f3n de Yancarla Fern\u00e1ndez<\/strong>"},"content":{"rendered":"\n<p>El comandante de la Polic\u00eda Boliviana, Jhonny Aguilera, inform\u00f3 de la detenci\u00f3n de dos hombres sospechosos de la desaparici\u00f3n de Yancarla Fern\u00e1ndez Sirpa, una adolescente de 15 a\u00f1os que el 3 de mayo sali\u00f3 de su domicilio con rumbo desconocido.<\/p>\n\n\n\n<p>El caso es tratado de forma especial porque la adolescente, seg\u00fan la familia, sufre de autismo y epilepsia.<\/p>\n\n\n\n<p>Luego de que en los pasados d\u00edas se viera a Yancarla en compa\u00f1\u00eda de un hombre, las investigaciones llevaron a la aprehensi\u00f3n de los dos sujetos que admitieron haber estado compartiendo bebidas alcoh\u00f3licas con ella. Sin embargo, a\u00fan no se tienen noticias de su paradero.<\/p>\n\n\n\n<p>\u201c<em>Dos personas est\u00e1n detenidas y podemos confirmar que \u00e9stas fueron vistas consumiendo bebidas espirituosas con la joven<\/em>\u201d, inform\u00f3 el jefe policial a los medios de comunicaci\u00f3n.<\/p>\n\n\n\n<p>Los dos sujetos mantendr\u00e1n detenci\u00f3n preventiva mientras se realizan las investigaciones con el objetivo de encontrarla.<\/p>\n\n\n\n<figure class=\"wp-block-gallery has-nested-images columns-default is-cropped wp-block-gallery-1 is-layout-flex wp-block-gallery-is-layout-flex\">\n<figure class=\"wp-block-image size-large\"><img loading=\"lazy\" decoding=\"async\" width=\"720\" height=\"960\" data-id=\"23127\" src=\"https:\/\/elradar.info\/wp-content\/uploads\/2022\/05\/284466010_1087844565128474_2281461585946853365_n.jpg\" alt=\"\" class=\"wp-image-23127\" srcset=\"https:\/\/elradar.info\/wp-content\/uploads\/2022\/05\/284466010_1087844565128474_2281461585946853365_n.jpg 720w, https:\/\/elradar.info\/wp-content\/uploads\/2022\/05\/284466010_1087844565128474_2281461585946853365_n-225x300.jpg 225w, https:\/\/elradar.info\/wp-content\/uploads\/2022\/05\/284466010_1087844565128474_2281461585946853365_n-360x480.jpg 360w\" sizes=\"auto, (max-width: 720px) 100vw, 720px\" \/><\/figure>\n\n\n\n<figure class=\"wp-block-image size-large\"><img loading=\"lazy\" decoding=\"async\" width=\"720\" height=\"960\" data-id=\"23128\" src=\"https:\/\/elradar.info\/wp-content\/uploads\/2022\/05\/284218638_1087844531795144_5471208129040614064_n.jpg\" alt=\"\" class=\"wp-image-23128\" srcset=\"https:\/\/elradar.info\/wp-content\/uploads\/2022\/05\/284218638_1087844531795144_5471208129040614064_n.jpg 720w, https:\/\/elradar.info\/wp-content\/uploads\/2022\/05\/284218638_1087844531795144_5471208129040614064_n-225x300.jpg 225w, https:\/\/elradar.info\/wp-content\/uploads\/2022\/05\/284218638_1087844531795144_5471208129040614064_n-360x480.jpg 360w\" sizes=\"auto, (max-width: 720px) 100vw, 720px\" \/><\/figure>\n<\/figure>\n","protected":false},"excerpt":{"rendered":"<p>El comandante de la Polic\u00eda Boliviana, Jhonny Aguilera, inform\u00f3 de la detenci\u00f3n de dos hombres sospechosos de la desaparici\u00f3n de Yancarla Fern\u00e1ndez Sirpa, una adolescente de 15 a\u00f1os que el 3 de mayo sali\u00f3 de su domicilio con rumbo desconocido. El caso es tratado de forma especial porque la adolescente, seg\u00fan la familia, sufre de autismo y epilepsia. Luego de que en los pasados d\u00edas se viera a Yancarla en compa\u00f1\u00eda de un hombre, las investigaciones llevaron a la aprehensi\u00f3n de los dos sujetos que admitieron haber estado compartiendo bebidas alcoh\u00f3licas con ella. Sin embargo, a\u00fan no se tienen noticias<\/p>\n","protected":false},"author":2,"featured_media":23129,"comment_status":"closed","ping_status":"open","sticky":false,"template":"","format":"standard","meta":{"_seopress_robots_primary_cat":"none","_seopress_titles_title":"","_seopress_titles_desc":"","_seopress_robots_index":"","_jetpack_memberships_contains_paid_content":false,"footnotes":""},"categories":[103],"tags":[621,109,2205,2204,2206],"class_list":["post-23124","post","type-post","status-publish","format-standard","has-post-thumbnail","hentry","category-nacional","tag-aprehension","tag-bolivia","tag-desaparicion","tag-yancarla-fernandez","tag-yancarla-fernandez-sirpa"],"jetpack_featured_media_url":"https:\/\/elradar.info\/wp-content\/uploads\/2022\/05\/WhatsApp-Image-2022-05-28-at-12.12.09-PM-1.jpeg","jetpack_sharing_enabled":true,"amp_enabled":true,"_links":{"self":[{"href":"https:\/\/elradar.info\/index.php?rest_route=\/wp\/v2\/posts\/23124","targetHints":{"allow":["GET"]}}],"collection":[{"href":"https:\/\/elradar.info\/index.php?rest_route=\/wp\/v2\/posts"}],"about":[{"href":"https:\/\/elradar.info\/index.php?rest_route=\/wp\/v2\/types\/post"}],"author":[{"embeddable":true,"href":"https:\/\/elradar.info\/index.php?rest_route=\/wp\/v2\/users\/2"}],"replies":[{"embeddable":true,"href":"https:\/\/elradar.info\/index.php?rest_route=%2Fwp%2Fv2%2Fcomments&post=23124"}],"version-history":[{"count":1,"href":"https:\/\/elradar.info\/index.php?rest_route=\/wp\/v2\/posts\/23124\/revisions"}],"predecessor-version":[{"id":23130,"href":"https:\/\/elradar.info\/index.php?rest_route=\/wp\/v2\/posts\/23124\/revisions\/23130"}],"wp:featuredmedia":[{"embeddable":true,"href":"https:\/\/elradar.info\/index.php?rest_route=\/wp\/v2\/media\/23129"}],"wp:attachment":[{"href":"https:\/\/elradar.info\/index.php?rest_route=%2Fwp%2Fv2%2Fmedia&parent=23124"}],"wp:term":[{"taxonomy":"category","embeddable":true,"href":"https:\/\/elradar.info\/index.php?rest_route=%2Fwp%2Fv2%2Fcategories&post=23124"},{"taxonomy":"post_tag","embeddable":true,"href":"https:\/\/elradar.info\/index.php?rest_route=%2Fwp%2Fv2%2Ftags&post=23124"}],"curies":[{"name":"wp","href":"https:\/\/api.w.org\/{rel}","templated":true}]}}