{"id":23151,"date":"2022-05-30T14:19:08","date_gmt":"2022-05-30T18:19:08","guid":{"rendered":"http:\/\/elradar.info\/?p=23151"},"modified":"2024-02-01T12:18:39","modified_gmt":"2024-02-01T16:18:39","slug":"se-busca-una-sentencia-de-20-anos-para-miembros-de-la-resistencia-juvenil-cochala","status":"publish","type":"post","link":"https:\/\/elradar.info\/?p=23151","title":{"rendered":"<strong>Se busca una sentencia de 20 a\u00f1os para miembros de la Resistencia Juvenil Cochala<\/strong>"},"content":{"rendered":"\n<p>Este 27 de mayo, el Ministerio de Gobierno emiti\u00f3 un comunicado acerca del estado del proceso llevado a cabo contra miembros de la Resistencia Juvenil Cochala sobre los actos cometidos por estos ente 2019 y 2020:<\/p>\n\n\n\n<p>\u201c<em>El Ministerio de Gobierno informa a la opini\u00f3n p\u00fablica en su condici\u00f3n de parte acusadora contra la Resistencia Juvenil Cochala (RJC) lo siguiente:<\/em><\/p>\n\n\n\n<p><em>Los acusados Yassir Esteven Molina Lozada, Milena Sotto L\u00f3pez, Mario Antonio Bascop\u00e9 Revuelta, que organizados entre noviembre de 2019 y 2020 operaron como grupo armado para atentar contra la seguridad interna del Estado y cometer delitos que van desde secuestro, tortura, vej\u00e1menes, privaci\u00f3n de libertad, discriminaci\u00f3n, atentados contra la salud, destrucci\u00f3n o deterioro de bienes del Estado y de la riqueza nacional en la ciudad de Sucre, as\u00ed como tenencia, fabricaci\u00f3n y ensamblado de armas de fabricaci\u00f3n artesanal o casera, m\u00e1s conocidas como bazukas, han sido notificados con las acusaciones fiscal y particular del Ministerio de Gobierno para que hasta el 6 de junio del presente a\u00f1o presenten sus pruebas de descargos para el inicio del juicio oral p\u00fablico y contradictorio, en el que solicitamos la pena m\u00e1xima de 20 a\u00f1os de presidio<\/em>\u201d.&nbsp;<\/p>\n\n\n\n<p>Las reacciones ante el comunicado no se dejaron esperar, por ejemplo, el exsecretario ejecutivo de la Comisi\u00f3n Interamericana de Derechos Humanos (CIDH), Paulo Abr\u00e3o, public\u00f3 a trav\u00e9s de sus redes sociales:<\/p>\n\n\n\n<p>\u201c<em>La Resistencia Juvenil Cochala (TJC) es un grupo armado paramilitar, grupo criminal corresponsable por las masacres y violencia generalizada del golpe de 2019. Excelente ejemplo del gobierno #Bolivia que da cumplimiento a las recomendaciones de la CIDH y del GIEI para desmantelarlo<\/em>\u201d, public\u00f3 Abr\u00e3o.<\/p>\n\n\n\n<p>Por otro lado, a su favor se manifest\u00f3 el Comit\u00e9 Pro Santa Cruz, el cual en un comunicado titulado \u201cPor los j\u00f3venes de RJC que defendieron la democracia\u201d expresaron que el proceso en contra de los miembros de esta agrupaci\u00f3n se dio por \u201cun acto de venganza\u201d y llam\u00f3 a \u201capoyar y respaldar\u201d a los \u201cj\u00f3venes de la Resistencia Juvenil Cochala\u201d, indicando que las manifestaciones de 2019 tuvieron un car\u00e1cter pac\u00edfico.<\/p>\n\n\n\n<p>Sin embargo, el informe del GIEI concluy\u00f3, respaldado por testimonios, videos fotograf\u00edas y otros, que se trata de un grupo no pac\u00edfico sino armado, que gener\u00f3 violencia en varias ciudades del pa\u00eds.<\/p>\n","protected":false},"excerpt":{"rendered":"<p>Este 27 de mayo, el Ministerio de Gobierno emiti\u00f3 un comunicado acerca del estado del proceso llevado a cabo contra miembros de la Resistencia Juvenil Cochala sobre los actos cometidos por estos ente 2019 y 2020: \u201cEl Ministerio de Gobierno informa a la opini\u00f3n p\u00fablica en su condici\u00f3n de parte acusadora contra la Resistencia Juvenil Cochala (RJC) lo siguiente: Los acusados Yassir Esteven Molina Lozada, Milena Sotto L\u00f3pez, Mario Antonio Bascop\u00e9 Revuelta, que organizados entre noviembre de 2019 y 2020 operaron como grupo armado para atentar contra la seguridad interna del Estado y cometer delitos que van desde secuestro, tortura,<\/p>\n","protected":false},"author":2,"featured_media":23154,"comment_status":"closed","ping_status":"open","sticky":false,"template":"","format":"standard","meta":{"_seopress_robots_primary_cat":"none","_seopress_titles_title":"","_seopress_titles_desc":"","_seopress_robots_index":"","_jetpack_memberships_contains_paid_content":false,"footnotes":""},"categories":[103],"tags":[109,2217,2216,246,269,1659,2215],"class_list":["post-23151","post","type-post","status-publish","format-standard","has-post-thumbnail","hentry","category-nacional","tag-bolivia","tag-mario-antonio-bascope-revuelta","tag-milena-sotto-lopez","tag-ministerio-de-gobierno","tag-resistencia-juvenil-cochala","tag-sentencia","tag-yassir-esteven-molina-lozada"],"jetpack_featured_media_url":"https:\/\/elradar.info\/wp-content\/uploads\/2022\/05\/2020080912281193912.jpg","jetpack_sharing_enabled":true,"amp_enabled":true,"_links":{"self":[{"href":"https:\/\/elradar.info\/index.php?rest_route=\/wp\/v2\/posts\/23151","targetHints":{"allow":["GET"]}}],"collection":[{"href":"https:\/\/elradar.info\/index.php?rest_route=\/wp\/v2\/posts"}],"about":[{"href":"https:\/\/elradar.info\/index.php?rest_route=\/wp\/v2\/types\/post"}],"author":[{"embeddable":true,"href":"https:\/\/elradar.info\/index.php?rest_route=\/wp\/v2\/users\/2"}],"replies":[{"embeddable":true,"href":"https:\/\/elradar.info\/index.php?rest_route=%2Fwp%2Fv2%2Fcomments&post=23151"}],"version-history":[{"count":1,"href":"https:\/\/elradar.info\/index.php?rest_route=\/wp\/v2\/posts\/23151\/revisions"}],"predecessor-version":[{"id":23155,"href":"https:\/\/elradar.info\/index.php?rest_route=\/wp\/v2\/posts\/23151\/revisions\/23155"}],"wp:featuredmedia":[{"embeddable":true,"href":"https:\/\/elradar.info\/index.php?rest_route=\/wp\/v2\/media\/23154"}],"wp:attachment":[{"href":"https:\/\/elradar.info\/index.php?rest_route=%2Fwp%2Fv2%2Fmedia&parent=23151"}],"wp:term":[{"taxonomy":"category","embeddable":true,"href":"https:\/\/elradar.info\/index.php?rest_route=%2Fwp%2Fv2%2Fcategories&post=23151"},{"taxonomy":"post_tag","embeddable":true,"href":"https:\/\/elradar.info\/index.php?rest_route=%2Fwp%2Fv2%2Ftags&post=23151"}],"curies":[{"name":"wp","href":"https:\/\/api.w.org\/{rel}","templated":true}]}}