{"id":23175,"date":"2022-05-30T16:22:02","date_gmt":"2022-05-30T20:22:02","guid":{"rendered":"http:\/\/elradar.info\/?p=23175"},"modified":"2024-02-01T12:18:38","modified_gmt":"2024-02-01T16:18:38","slug":"medicos-anuncian-un-paro-de-48-horas-al-borde-de-la-quinta-ola-de-covid-19","status":"publish","type":"post","link":"https:\/\/elradar.info\/?p=23175","title":{"rendered":"<strong>M\u00e9dicos anuncian un paro de 48 horas al borde de la quinta ola de COVID-19<\/strong>"},"content":{"rendered":"\n<p>El presidente del Colegio M\u00e9dico de Bolivia, Luis Larrea, inform\u00f3 que el sector ha determinado realizar un paro de 48 horas el jueves y viernes de esta semana, debido a que el Ministro de Salud no ha convocado a di\u00e1logo para solucionar su pliego petitorio.<\/p>\n\n\n\n<p>El ministro de Salud, Jeyson Auza, calific\u00f3 de \u201cmentiroso\u201d el paro m\u00e9dico anunciado por el Colegio M\u00e9dico de Bolivia y descalific\u00f3 que su presidente, Luis Larrea, manche la dignidad de ese ente, porque, hasta ahora, no hace llegar el informe que sustente su pedido de abrogar la Ley de Emergencia Sanitaria en el pa\u00eds. Adem\u00e1s de que se aplicar\u00e1 sanciones contras los m\u00e9dicos que acaten el paro anunciado por el Colegio M\u00e9dico esta semana.<\/p>\n\n\n\n<p>Larrea se\u00f1al\u00f3 que para las jornadas de paro se reformar\u00e1n los servicios de emergencia e indic\u00f3 que ya no van a tolerar el maltrato a los profesionales, convoc\u00f3 a las universidades a sumarse a estas medidas, <em>\u201cporque los m\u00e1s lastimados van a ser los profesionales, en este pa\u00eds, no sirve ser profesional porque el profesional es el peor maltratado\u201d,<\/em> finaliz\u00f3 el presidente del Colegio M\u00e9dico.<\/p>\n\n\n\n<p>De acuerdo al titular de Salud <em>&#8220;solo un peque\u00f1o porcentaje del 7%, de algunos dirigentes, por afanes pol\u00edticos est\u00e1n intentando generar una situaci\u00f3n de inestabilidad en el gobierno y en el sistema de salud, vamos a proceder con la aplicaci\u00f3n de la normativa&#8221;<\/em>, advirti\u00f3.<\/p>\n","protected":false},"excerpt":{"rendered":"<p>El presidente del Colegio M\u00e9dico de Bolivia, Luis Larrea, inform\u00f3 que el sector ha determinado realizar un paro de 48 horas el jueves y viernes de esta semana, debido a que el Ministro de Salud no ha convocado a di\u00e1logo para solucionar su pliego petitorio. El ministro de Salud, Jeyson Auza, calific\u00f3 de \u201cmentiroso\u201d el paro m\u00e9dico anunciado por el Colegio M\u00e9dico de Bolivia y descalific\u00f3 que su presidente, Luis Larrea, manche la dignidad de ese ente, porque, hasta ahora, no hace llegar el informe que sustente su pedido de abrogar la Ley de Emergencia Sanitaria en el pa\u00eds. Adem\u00e1s<\/p>\n","protected":false},"author":2,"featured_media":23179,"comment_status":"closed","ping_status":"open","sticky":false,"template":"","format":"standard","meta":{"_seopress_robots_primary_cat":"none","_seopress_titles_title":"","_seopress_titles_desc":"","_seopress_robots_index":"","_jetpack_memberships_contains_paid_content":false,"footnotes":""},"categories":[103,201],"tags":[109,252,375,819,398,2231,2232],"class_list":["post-23175","post","type-post","status-publish","format-standard","has-post-thumbnail","hentry","category-nacional","category-salud","tag-bolivia","tag-jeyson-auza","tag-luis-larrea","tag-medicos","tag-ministerio-de-salud-y-deportes","tag-paro-de-48-horas","tag-quinta-ola"],"jetpack_featured_media_url":"https:\/\/elradar.info\/wp-content\/uploads\/2022\/05\/1-5-7-6.jpeg","jetpack_sharing_enabled":true,"amp_enabled":true,"_links":{"self":[{"href":"https:\/\/elradar.info\/index.php?rest_route=\/wp\/v2\/posts\/23175","targetHints":{"allow":["GET"]}}],"collection":[{"href":"https:\/\/elradar.info\/index.php?rest_route=\/wp\/v2\/posts"}],"about":[{"href":"https:\/\/elradar.info\/index.php?rest_route=\/wp\/v2\/types\/post"}],"author":[{"embeddable":true,"href":"https:\/\/elradar.info\/index.php?rest_route=\/wp\/v2\/users\/2"}],"replies":[{"embeddable":true,"href":"https:\/\/elradar.info\/index.php?rest_route=%2Fwp%2Fv2%2Fcomments&post=23175"}],"version-history":[{"count":1,"href":"https:\/\/elradar.info\/index.php?rest_route=\/wp\/v2\/posts\/23175\/revisions"}],"predecessor-version":[{"id":23180,"href":"https:\/\/elradar.info\/index.php?rest_route=\/wp\/v2\/posts\/23175\/revisions\/23180"}],"wp:featuredmedia":[{"embeddable":true,"href":"https:\/\/elradar.info\/index.php?rest_route=\/wp\/v2\/media\/23179"}],"wp:attachment":[{"href":"https:\/\/elradar.info\/index.php?rest_route=%2Fwp%2Fv2%2Fmedia&parent=23175"}],"wp:term":[{"taxonomy":"category","embeddable":true,"href":"https:\/\/elradar.info\/index.php?rest_route=%2Fwp%2Fv2%2Fcategories&post=23175"},{"taxonomy":"post_tag","embeddable":true,"href":"https:\/\/elradar.info\/index.php?rest_route=%2Fwp%2Fv2%2Ftags&post=23175"}],"curies":[{"name":"wp","href":"https:\/\/api.w.org\/{rel}","templated":true}]}}