{"id":23187,"date":"2022-05-31T11:02:42","date_gmt":"2022-05-31T15:02:42","guid":{"rendered":"http:\/\/elradar.info\/?p=23187"},"modified":"2024-02-01T12:18:38","modified_gmt":"2024-02-01T16:18:38","slug":"dia-mundial-sin-tabaco","status":"publish","type":"post","link":"https:\/\/elradar.info\/?p=23187","title":{"rendered":"<strong>D\u00eda mundial sin tabaco<\/strong>"},"content":{"rendered":"\n<p>La Asamblea Mundial de la Salud, en 1987, instituy\u00f3 el 31 de mayo como el D\u00eda Mundial sin Tabaco, para llamar la atenci\u00f3n mundial hacia la epidemia de tabaquismo y sus efectos.&nbsp;<\/p>\n\n\n\n<p>En el marco de esta fecha, se destacan mensajes sobre las consecuencias del uso del tabaco, adem\u00e1s de fomentar la observancia del Convenio Marco de la OMS para el Control del Tabaco (CMCT OMS), que es el primer tratado negociado bajo los auspicios de la Organizaci\u00f3n Mundial de la Salud. Se trata de un tratado, basado en pruebas, que reafirma el derecho de todas las personas al m\u00e1ximo nivel de salud posible recalcando la importancia de las estrategias de reducci\u00f3n de la demanda, adem\u00e1s de cuestiones relacionadas con el suministro de tabaco.<\/p>\n\n\n\n<p>Seg\u00fan la OMS el consumo de tabaco es una epidemia posible de prevenir, es por ello que este d\u00eda se dedica a difundir informaci\u00f3n no solo sobre los peligros de su consumo, sino de las pr\u00e1cticas comerciales de las tabacaleras y su impacto en el medio ambiente.<\/p>\n\n\n\n<p>Seg\u00fan datos obtenidos por la OMS a nivel&nbsp; mundial, el tabaco mata hasta a la mitad de las personas que lo consumen, lo que supone la muerte de m\u00e1s de 8 millones de personas cada a\u00f1o. En cuanto al tabaquismo como una problem\u00e1tica econ\u00f3mica y social, m\u00e1s del 80% de los 1300 millones de consumidores de tabaco que hay en el mundo viven en pa\u00edses de ingresos medianos o bajos. M\u00e1s datos dan cuenta de que&nbsp; los varones est\u00e1n en mayor riesgo de sufrir enfermedades asociadas al tabaquismo pues, del 22,3% de la poblaci\u00f3n mundial que fuma, el 36,7% son hombres y solo el 7,8% son mujeres.<\/p>\n","protected":false},"excerpt":{"rendered":"<p>La Asamblea Mundial de la Salud, en 1987, instituy\u00f3 el 31 de mayo como el D\u00eda Mundial sin Tabaco, para llamar la atenci\u00f3n mundial hacia la epidemia de tabaquismo y sus efectos.&nbsp; En el marco de esta fecha, se destacan mensajes sobre las consecuencias del uso del tabaco, adem\u00e1s de fomentar la observancia del Convenio Marco de la OMS para el Control del Tabaco (CMCT OMS), que es el primer tratado negociado bajo los auspicios de la Organizaci\u00f3n Mundial de la Salud. Se trata de un tratado, basado en pruebas, que reafirma el derecho de todas las personas al m\u00e1ximo<\/p>\n","protected":false},"author":2,"featured_media":23189,"comment_status":"closed","ping_status":"open","sticky":false,"template":"","format":"standard","meta":{"_seopress_robots_primary_cat":"none","_seopress_titles_title":"","_seopress_titles_desc":"","_seopress_robots_index":"","_jetpack_memberships_contains_paid_content":false,"footnotes":""},"categories":[107],"tags":[2238,2237,2236,498],"class_list":["post-23187","post","type-post","status-publish","format-standard","has-post-thumbnail","hentry","category-internacional","tag-31-de-mayo","tag-asamblea-mundial-de-la-salud","tag-dia-mundial-sin-tabaco","tag-oms"],"jetpack_featured_media_url":"https:\/\/elradar.info\/wp-content\/uploads\/2022\/05\/dejar-fumar_98.webp","jetpack_sharing_enabled":true,"amp_enabled":true,"_links":{"self":[{"href":"https:\/\/elradar.info\/index.php?rest_route=\/wp\/v2\/posts\/23187","targetHints":{"allow":["GET"]}}],"collection":[{"href":"https:\/\/elradar.info\/index.php?rest_route=\/wp\/v2\/posts"}],"about":[{"href":"https:\/\/elradar.info\/index.php?rest_route=\/wp\/v2\/types\/post"}],"author":[{"embeddable":true,"href":"https:\/\/elradar.info\/index.php?rest_route=\/wp\/v2\/users\/2"}],"replies":[{"embeddable":true,"href":"https:\/\/elradar.info\/index.php?rest_route=%2Fwp%2Fv2%2Fcomments&post=23187"}],"version-history":[{"count":1,"href":"https:\/\/elradar.info\/index.php?rest_route=\/wp\/v2\/posts\/23187\/revisions"}],"predecessor-version":[{"id":23190,"href":"https:\/\/elradar.info\/index.php?rest_route=\/wp\/v2\/posts\/23187\/revisions\/23190"}],"wp:featuredmedia":[{"embeddable":true,"href":"https:\/\/elradar.info\/index.php?rest_route=\/wp\/v2\/media\/23189"}],"wp:attachment":[{"href":"https:\/\/elradar.info\/index.php?rest_route=%2Fwp%2Fv2%2Fmedia&parent=23187"}],"wp:term":[{"taxonomy":"category","embeddable":true,"href":"https:\/\/elradar.info\/index.php?rest_route=%2Fwp%2Fv2%2Fcategories&post=23187"},{"taxonomy":"post_tag","embeddable":true,"href":"https:\/\/elradar.info\/index.php?rest_route=%2Fwp%2Fv2%2Ftags&post=23187"}],"curies":[{"name":"wp","href":"https:\/\/api.w.org\/{rel}","templated":true}]}}