{"id":23319,"date":"2022-06-01T15:14:04","date_gmt":"2022-06-01T19:14:04","guid":{"rendered":"http:\/\/elradar.info\/?p=23319"},"modified":"2024-02-01T12:18:37","modified_gmt":"2024-02-01T16:18:37","slug":"omar-rocha-olivio-es-el-nuevo-administrador-del-vesty-pakos","status":"publish","type":"post","link":"https:\/\/elradar.info\/?p=23319","title":{"rendered":"<strong>Omar Rocha Olivio es el nuevo administrador del Vesty Pakos<\/strong>"},"content":{"rendered":"\n<p>Tras m\u00faltiples denuncias hechas acerca de la muerte de animales en el Bioparque Vesty Pakos, la Alcald\u00eda de La Paz present\u00f3 hoy al nuevo administrador del mismo: Omar Rocha Olivio.&nbsp;<\/p>\n\n\n\n<p>Rocha, con m\u00e1s de 25 a\u00f1os de experiencia en la tem\u00e1tica ambiental, es licenciado en Biolog\u00eda por la Universidad Mayor de San Andr\u00e9s. Fue director general de Biodiversidad y \u00c1reas Protegidas y del Centro de Estudios de Biolog\u00eda Te\u00f3rica y Aplicada, tambi\u00e9n jefe de \u00c1reas Protegidas y Vida Silvestre e integrante del Grupo de Conservaci\u00f3n de Flamencos Altoandinos, y miembro del Consejo Cient\u00edfico de la Convenci\u00f3n Internacional sobre las Especies Migratorias. Fue autor de varias publicaciones especializadas.<\/p>\n\n\n\n<p>&nbsp;Al tomar posesi\u00f3n del cargo, Rocha expres\u00f3:<\/p>\n\n\n\n<p><em>\u201cTengan la seguridad de que voy a hacer todos los esfuerzos necesarios para levantar la imagen de este Bioparque, de gestionar con todas las instituciones, tanto t\u00e9cnicas, ambientalistas, instituciones gubernamentales, para que podamos en conjunto hacer un trabajo y una gesti\u00f3n donde podamos demostrar todo el esfuerzo necesario, hacer todas las gestiones y acciones necesarias para el bienestar de los animales del Vesty Pakos\u201d.&nbsp;<\/em><\/p>\n\n\n\n<p>Luego de que se diera a conocer que entre las compras de alimentos para los animales no se encuentran carnes, fruta y cereales que s\u00ed figuraban entre 2018 y 202, se cuestion\u00f3 seriamente la anterior administraci\u00f3n. Sobre el tema, Rocha inform\u00f3 a los medios de comunicaci\u00f3n que iniciar\u00e1 con una evaluaci\u00f3n profunda de la situaci\u00f3n actual del Bioparque.<\/p>\n","protected":false},"excerpt":{"rendered":"<p>Tras m\u00faltiples denuncias hechas acerca de la muerte de animales en el Bioparque Vesty Pakos, la Alcald\u00eda de La Paz present\u00f3 hoy al nuevo administrador del mismo: Omar Rocha Olivio.&nbsp; Rocha, con m\u00e1s de 25 a\u00f1os de experiencia en la tem\u00e1tica ambiental, es licenciado en Biolog\u00eda por la Universidad Mayor de San Andr\u00e9s. Fue director general de Biodiversidad y \u00c1reas Protegidas y del Centro de Estudios de Biolog\u00eda Te\u00f3rica y Aplicada, tambi\u00e9n jefe de \u00c1reas Protegidas y Vida Silvestre e integrante del Grupo de Conservaci\u00f3n de Flamencos Altoandinos, y miembro del Consejo Cient\u00edfico de la Convenci\u00f3n Internacional sobre las Especies<\/p>\n","protected":false},"author":2,"featured_media":23327,"comment_status":"closed","ping_status":"open","sticky":false,"template":"","format":"standard","meta":{"_seopress_robots_primary_cat":"none","_seopress_titles_title":"","_seopress_titles_desc":"","_seopress_robots_index":"","_jetpack_memberships_contains_paid_content":false,"footnotes":""},"categories":[103],"tags":[2273,109,293,2289],"class_list":["post-23319","post","type-post","status-publish","format-standard","has-post-thumbnail","hentry","category-nacional","tag-bioparque-vesty-pakos","tag-bolivia","tag-la-paz","tag-omar-rocha-olivio"],"jetpack_featured_media_url":"https:\/\/elradar.info\/wp-content\/uploads\/2022\/06\/a.png","jetpack_sharing_enabled":true,"amp_enabled":true,"_links":{"self":[{"href":"https:\/\/elradar.info\/index.php?rest_route=\/wp\/v2\/posts\/23319","targetHints":{"allow":["GET"]}}],"collection":[{"href":"https:\/\/elradar.info\/index.php?rest_route=\/wp\/v2\/posts"}],"about":[{"href":"https:\/\/elradar.info\/index.php?rest_route=\/wp\/v2\/types\/post"}],"author":[{"embeddable":true,"href":"https:\/\/elradar.info\/index.php?rest_route=\/wp\/v2\/users\/2"}],"replies":[{"embeddable":true,"href":"https:\/\/elradar.info\/index.php?rest_route=%2Fwp%2Fv2%2Fcomments&post=23319"}],"version-history":[{"count":2,"href":"https:\/\/elradar.info\/index.php?rest_route=\/wp\/v2\/posts\/23319\/revisions"}],"predecessor-version":[{"id":23326,"href":"https:\/\/elradar.info\/index.php?rest_route=\/wp\/v2\/posts\/23319\/revisions\/23326"}],"wp:featuredmedia":[{"embeddable":true,"href":"https:\/\/elradar.info\/index.php?rest_route=\/wp\/v2\/media\/23327"}],"wp:attachment":[{"href":"https:\/\/elradar.info\/index.php?rest_route=%2Fwp%2Fv2%2Fmedia&parent=23319"}],"wp:term":[{"taxonomy":"category","embeddable":true,"href":"https:\/\/elradar.info\/index.php?rest_route=%2Fwp%2Fv2%2Fcategories&post=23319"},{"taxonomy":"post_tag","embeddable":true,"href":"https:\/\/elradar.info\/index.php?rest_route=%2Fwp%2Fv2%2Ftags&post=23319"}],"curies":[{"name":"wp","href":"https:\/\/api.w.org\/{rel}","templated":true}]}}