{"id":23329,"date":"2022-06-01T15:54:28","date_gmt":"2022-06-01T19:54:28","guid":{"rendered":"http:\/\/elradar.info\/?p=23329"},"modified":"2024-02-01T12:18:37","modified_gmt":"2024-02-01T16:18:37","slug":"segun-la-revista-especializada-bloomberg-bolivia-tiene-la-inflacion-mas-baja-del-mundo","status":"publish","type":"post","link":"https:\/\/elradar.info\/?p=23329","title":{"rendered":"Seg\u00fan la revista especializada Bloomberg: \u201cBolivia tiene la inflaci\u00f3n\u00a0m\u00e1s baja del mundo\u201d"},"content":{"rendered":"\n<p>La premiada revista especialista en econom\u00eda, <em>Bloomberg<\/em>, public\u00f3 hoy un estudio y ranking internacional que destaca a Bolivia como el pa\u00eds con la inflaci\u00f3n m\u00e1s baja del mundo.<\/p>\n\n\n\n<p>Bloomberg, a trav\u00e9s del Centro de Investigaci\u00f3n Financiera, public\u00f3 que la mayor\u00eda de los pa\u00edses se encuentra atravesando un problema inflacionario y, en ese contexto, Bolivia destaca como el pa\u00eds que mejor est\u00e1 manejando la marea econ\u00f3mica.<\/p>\n\n\n\n<p>Omar Yujra, presidente de la Comisi\u00f3n de Planificaci\u00f3n, Pol\u00edtica Econ\u00f3mica y Finanzas de la C\u00e1mara de Diputados, explic\u00f3 que, junto a otras variables, es posible que el camino que ha seguido Bolivia, a trav\u00e9s del Modelo Econ\u00f3mico Social Comunitario Productivo, pudo generar la estabilidad. Otra raz\u00f3n puede ser el cambio de enfoque de buscar a toda costa la exportaci\u00f3n, por la priorizaci\u00f3n de la demanda interna y la inversi\u00f3n p\u00fablica.<\/p>\n\n\n\n<p>En ocasi\u00f3n de la entrega de un moderno mercado en la localidad de Yapacan\u00ed, el presidente del estado plurinacional, Luis Arce Catacora, lament\u00f3 que los medios de comunicaci\u00f3n nacionales no reconozcan los logros de la econom\u00eda boliviana como s\u00ed lo hacen los extranjeros, adem\u00e1s de organismos como el Fondo Monetario Internacional (FMI) y la Comisi\u00f3n Econ\u00f3mica para Am\u00e9rica Latina y el Caribe (CEPAL).<\/p>\n","protected":false},"excerpt":{"rendered":"<p>La premiada revista especialista en econom\u00eda, Bloomberg, public\u00f3 hoy un estudio y ranking internacional que destaca a Bolivia como el pa\u00eds con la inflaci\u00f3n m\u00e1s baja del mundo. Bloomberg, a trav\u00e9s del Centro de Investigaci\u00f3n Financiera, public\u00f3 que la mayor\u00eda de los pa\u00edses se encuentra atravesando un problema inflacionario y, en ese contexto, Bolivia destaca como el pa\u00eds que mejor est\u00e1 manejando la marea econ\u00f3mica. Omar Yujra, presidente de la Comisi\u00f3n de Planificaci\u00f3n, Pol\u00edtica Econ\u00f3mica y Finanzas de la C\u00e1mara de Diputados, explic\u00f3 que, junto a otras variables, es posible que el camino que ha seguido Bolivia, a trav\u00e9s del<\/p>\n","protected":false},"author":2,"featured_media":23332,"comment_status":"closed","ping_status":"open","sticky":false,"template":"","format":"standard","meta":{"_seopress_robots_primary_cat":"none","_seopress_titles_title":"","_seopress_titles_desc":"","_seopress_robots_index":"","_jetpack_memberships_contains_paid_content":false,"footnotes":""},"categories":[200],"tags":[1367,109,2292,2290,132,2291],"class_list":["post-23329","post","type-post","status-publish","format-standard","has-post-thumbnail","hentry","category-economia","tag-bloomberg","tag-bolivia","tag-economia-sostenible","tag-inflacion-mas-baja-del-mundo","tag-luis-arce","tag-modelo-economico-social-comunitario-productivo"],"jetpack_featured_media_url":"https:\/\/elradar.info\/wp-content\/uploads\/2022\/06\/Mercados-Bolivia.jpg","jetpack_sharing_enabled":true,"amp_enabled":true,"_links":{"self":[{"href":"https:\/\/elradar.info\/index.php?rest_route=\/wp\/v2\/posts\/23329","targetHints":{"allow":["GET"]}}],"collection":[{"href":"https:\/\/elradar.info\/index.php?rest_route=\/wp\/v2\/posts"}],"about":[{"href":"https:\/\/elradar.info\/index.php?rest_route=\/wp\/v2\/types\/post"}],"author":[{"embeddable":true,"href":"https:\/\/elradar.info\/index.php?rest_route=\/wp\/v2\/users\/2"}],"replies":[{"embeddable":true,"href":"https:\/\/elradar.info\/index.php?rest_route=%2Fwp%2Fv2%2Fcomments&post=23329"}],"version-history":[{"count":1,"href":"https:\/\/elradar.info\/index.php?rest_route=\/wp\/v2\/posts\/23329\/revisions"}],"predecessor-version":[{"id":23333,"href":"https:\/\/elradar.info\/index.php?rest_route=\/wp\/v2\/posts\/23329\/revisions\/23333"}],"wp:featuredmedia":[{"embeddable":true,"href":"https:\/\/elradar.info\/index.php?rest_route=\/wp\/v2\/media\/23332"}],"wp:attachment":[{"href":"https:\/\/elradar.info\/index.php?rest_route=%2Fwp%2Fv2%2Fmedia&parent=23329"}],"wp:term":[{"taxonomy":"category","embeddable":true,"href":"https:\/\/elradar.info\/index.php?rest_route=%2Fwp%2Fv2%2Fcategories&post=23329"},{"taxonomy":"post_tag","embeddable":true,"href":"https:\/\/elradar.info\/index.php?rest_route=%2Fwp%2Fv2%2Ftags&post=23329"}],"curies":[{"name":"wp","href":"https:\/\/api.w.org\/{rel}","templated":true}]}}