{"id":23489,"date":"2022-06-03T15:09:16","date_gmt":"2022-06-03T19:09:16","guid":{"rendered":"http:\/\/elradar.info\/?p=23489"},"modified":"2024-02-01T12:18:35","modified_gmt":"2024-02-01T16:18:35","slug":"la-camara-de-diputados-aprueba-ley-para-el-resarcimiento-economico-a-1-714-victimas-de-las-dictaduras","status":"publish","type":"post","link":"https:\/\/elradar.info\/?p=23489","title":{"rendered":"<strong>La C\u00e1mara de Diputados aprueba Ley para el resarcimiento econ\u00f3mico a 1.714 v\u00edctimas de las dictaduras<\/strong>"},"content":{"rendered":"\n<p>La noche del jueves, 2 de junio, por mayor\u00eda absoluta, la C\u00e1mara de Diputados aprob\u00f3 el proyecto de ley 221\/2021-2022 que autoriza el resarcimiento econ\u00f3mico a 1.714 v\u00edctimas de violencia pol\u00edtica durante los gobiernos inconstitucionales en el periodo del 4 de noviembre de 1964 al 10 de octubre de 1982.&nbsp;<\/p>\n\n\n\n<p>Durante la d\u00e9cada de 1960 a 1980, sucedieron una seguidilla de golpes de Estado, que provocaron graves violaciones de derechos desde detenciones ilegales, hasta torturas, desapariciones y asesinatos. Las v\u00edctimas de las dictaduras militares en Bolivia mantienen una vigilia permanente en el centro de la ciudad de La Paz desde 2012 demandando al Estado el pago del resarcimiento.&nbsp;<\/p>\n\n\n\n<p><em>\u201cHemos considerado que hay gente que por m\u00e1s de diez a\u00f1os est\u00e1 solicitando el resarcimiento de los da\u00f1os y no se hac\u00eda efectivo<\/em>\u201d, sostuvo la presidenta de la comisi\u00f3n de Derechos Humanos, Betty Ya\u00f1\u00edquez.<\/p>\n\n\n\n<p>Para efectivizar este resarcimiento, la normativa prev\u00e9 la modificaci\u00f3n del inciso b) del art\u00edculo 16 de la Ley N\u00b0 2640, para autorizar al Ministerio de Econom\u00eda y Finanzas P\u00fablicas, la asignaci\u00f3n de un total de Bs. 99,9 millones del Tesoro General de la Naci\u00f3n (TGN) para el pago excepcional del 80 por ciento restante a los beneficiarios.<\/p>\n\n\n\n<p>En la \u00fanica disposici\u00f3n transitoria del proyecto de ley, establece que el monto correspondiente al 20 por ciento restante, que no hayan cobrado a\u00fan las v\u00edctimas de la \u00e9poca dictatorial, tendr\u00e1n un plazo de un a\u00f1o para hacerlo, a partir de la promulgaci\u00f3n de la presente norma. Pasado este tiempo, los recursos que no sean reclamados ser\u00e1n destinados a una cuenta fiscal para futuras reparaciones a v\u00edctimas de graves violaciones a sus derechos.<\/p>\n","protected":false},"excerpt":{"rendered":"<p>La noche del jueves, 2 de junio, por mayor\u00eda absoluta, la C\u00e1mara de Diputados aprob\u00f3 el proyecto de ley 221\/2021-2022 que autoriza el resarcimiento econ\u00f3mico a 1.714 v\u00edctimas de violencia pol\u00edtica durante los gobiernos inconstitucionales en el periodo del 4 de noviembre de 1964 al 10 de octubre de 1982.&nbsp; Durante la d\u00e9cada de 1960 a 1980, sucedieron una seguidilla de golpes de Estado, que provocaron graves violaciones de derechos desde detenciones ilegales, hasta torturas, desapariciones y asesinatos. Las v\u00edctimas de las dictaduras militares en Bolivia mantienen una vigilia permanente en el centro de la ciudad de La Paz desde<\/p>\n","protected":false},"author":2,"featured_media":23492,"comment_status":"closed","ping_status":"open","sticky":false,"template":"","format":"standard","meta":{"_seopress_robots_primary_cat":"none","_seopress_titles_title":"","_seopress_titles_desc":"","_seopress_robots_index":"","_jetpack_memberships_contains_paid_content":false,"footnotes":""},"categories":[103],"tags":[109,1362,2360,2359,2358],"class_list":["post-23489","post","type-post","status-publish","format-standard","has-post-thumbnail","hentry","category-nacional","tag-bolivia","tag-camara-de-diputados","tag-ley-221-2021-2022","tag-resarcimiento-economico","tag-victimas-de-las-dictaduras"],"jetpack_featured_media_url":"https:\/\/elradar.info\/wp-content\/uploads\/2022\/06\/AnyConv.com__EpbRrhBW8AAIi13-1.jpg","jetpack_sharing_enabled":true,"amp_enabled":true,"_links":{"self":[{"href":"https:\/\/elradar.info\/index.php?rest_route=\/wp\/v2\/posts\/23489","targetHints":{"allow":["GET"]}}],"collection":[{"href":"https:\/\/elradar.info\/index.php?rest_route=\/wp\/v2\/posts"}],"about":[{"href":"https:\/\/elradar.info\/index.php?rest_route=\/wp\/v2\/types\/post"}],"author":[{"embeddable":true,"href":"https:\/\/elradar.info\/index.php?rest_route=\/wp\/v2\/users\/2"}],"replies":[{"embeddable":true,"href":"https:\/\/elradar.info\/index.php?rest_route=%2Fwp%2Fv2%2Fcomments&post=23489"}],"version-history":[{"count":1,"href":"https:\/\/elradar.info\/index.php?rest_route=\/wp\/v2\/posts\/23489\/revisions"}],"predecessor-version":[{"id":23493,"href":"https:\/\/elradar.info\/index.php?rest_route=\/wp\/v2\/posts\/23489\/revisions\/23493"}],"wp:featuredmedia":[{"embeddable":true,"href":"https:\/\/elradar.info\/index.php?rest_route=\/wp\/v2\/media\/23492"}],"wp:attachment":[{"href":"https:\/\/elradar.info\/index.php?rest_route=%2Fwp%2Fv2%2Fmedia&parent=23489"}],"wp:term":[{"taxonomy":"category","embeddable":true,"href":"https:\/\/elradar.info\/index.php?rest_route=%2Fwp%2Fv2%2Fcategories&post=23489"},{"taxonomy":"post_tag","embeddable":true,"href":"https:\/\/elradar.info\/index.php?rest_route=%2Fwp%2Fv2%2Ftags&post=23489"}],"curies":[{"name":"wp","href":"https:\/\/api.w.org\/{rel}","templated":true}]}}