{"id":23662,"date":"2022-06-08T12:02:05","date_gmt":"2022-06-08T16:02:05","guid":{"rendered":"http:\/\/elradar.info\/?p=23662"},"modified":"2024-02-01T12:18:34","modified_gmt":"2024-02-01T16:18:34","slug":"ine-garantiza-exito-del-censo-nacional-de-poblacion-y-vivienda-2022-tras-baja-medica-del-director-arandia","status":"publish","type":"post","link":"https:\/\/elradar.info\/?p=23662","title":{"rendered":"<strong>INE garantiza \u00e9xito del Censo Nacional de Poblaci\u00f3n y Vivienda 2022, tras baja m\u00e9dica del director Arandia<\/strong>"},"content":{"rendered":"\n<p>El Instituto Nacional de Estad\u00edstica (INE) garantiza \u00e9xito del Censo Nacional de Poblaci\u00f3n y Vivienda 2022 porque est\u00e1 conformada por un gran equipo profesional que tiene una amplia experiencia en llevar adelante este trabajo, tanto a nivel nacional como internacional, inform\u00f3 el director Humberto Arandia, quien se encuentra con baja m\u00e9dica.<\/p>\n\n\n\n<p>La salud del director del INE es delicada; sin embargo, el proyecto censal contin\u00faa en marcha, es llevado adelante por los mejores profesionales de Bolivia y cuenta con el acompa\u00f1amiento internacional, se\u00f1al\u00f3 la autoridad.<\/p>\n\n\n\n<p>La realizaci\u00f3n del Censo 2022 no se paraliz\u00f3 ni un solo d\u00eda y ahora se encuentran en la etapa de actualizaci\u00f3n cartogr\u00e1fica estad\u00edstica, acorde a est\u00e1ndares internacionales y se realiza con alta tecnolog\u00eda, m\u00e9todos y herramientas de vanguardia.<\/p>\n\n\n\n<p>El Censo Nacional de Poblaci\u00f3n y Vivienda 2022 est\u00e1 programado para el 16 de noviembre por a una ley nacional y un decreto supremo que lo declaran prioridad nacional y avalan su desarrollo en los aspectos legal, financiero y t\u00e9cnico.<\/p>\n","protected":false},"excerpt":{"rendered":"<p>El Instituto Nacional de Estad\u00edstica (INE) garantiza \u00e9xito del Censo Nacional de Poblaci\u00f3n y Vivienda 2022 porque est\u00e1 conformada por un gran equipo profesional que tiene una amplia experiencia en llevar adelante este trabajo, tanto a nivel nacional como internacional, inform\u00f3 el director Humberto Arandia, quien se encuentra con baja m\u00e9dica. La salud del director del INE es delicada; sin embargo, el proyecto censal contin\u00faa en marcha, es llevado adelante por los mejores profesionales de Bolivia y cuenta con el acompa\u00f1amiento internacional, se\u00f1al\u00f3 la autoridad. La realizaci\u00f3n del Censo 2022 no se paraliz\u00f3 ni un solo d\u00eda y ahora se<\/p>\n","protected":false},"author":2,"featured_media":23665,"comment_status":"closed","ping_status":"open","sticky":false,"template":"","format":"standard","meta":{"_seopress_robots_primary_cat":"none","_seopress_titles_title":"","_seopress_titles_desc":"","_seopress_robots_index":"","_jetpack_memberships_contains_paid_content":false,"footnotes":""},"categories":[103],"tags":[2400,723,490,488,736],"class_list":["post-23662","post","type-post","status-publish","format-standard","has-post-thumbnail","hentry","category-nacional","tag-boliviq","tag-censo-nacional-de-poblacion-y-vivienda-2022","tag-humberto-arandia","tag-ine","tag-instituto-nacional-de-esrtadistica"],"jetpack_featured_media_url":"https:\/\/elradar.info\/wp-content\/uploads\/2022\/06\/fe2bc8b7-9a86-416e-bd61-9acc16738895-1-1.jpg","jetpack_sharing_enabled":true,"amp_enabled":true,"_links":{"self":[{"href":"https:\/\/elradar.info\/index.php?rest_route=\/wp\/v2\/posts\/23662","targetHints":{"allow":["GET"]}}],"collection":[{"href":"https:\/\/elradar.info\/index.php?rest_route=\/wp\/v2\/posts"}],"about":[{"href":"https:\/\/elradar.info\/index.php?rest_route=\/wp\/v2\/types\/post"}],"author":[{"embeddable":true,"href":"https:\/\/elradar.info\/index.php?rest_route=\/wp\/v2\/users\/2"}],"replies":[{"embeddable":true,"href":"https:\/\/elradar.info\/index.php?rest_route=%2Fwp%2Fv2%2Fcomments&post=23662"}],"version-history":[{"count":1,"href":"https:\/\/elradar.info\/index.php?rest_route=\/wp\/v2\/posts\/23662\/revisions"}],"predecessor-version":[{"id":23666,"href":"https:\/\/elradar.info\/index.php?rest_route=\/wp\/v2\/posts\/23662\/revisions\/23666"}],"wp:featuredmedia":[{"embeddable":true,"href":"https:\/\/elradar.info\/index.php?rest_route=\/wp\/v2\/media\/23665"}],"wp:attachment":[{"href":"https:\/\/elradar.info\/index.php?rest_route=%2Fwp%2Fv2%2Fmedia&parent=23662"}],"wp:term":[{"taxonomy":"category","embeddable":true,"href":"https:\/\/elradar.info\/index.php?rest_route=%2Fwp%2Fv2%2Fcategories&post=23662"},{"taxonomy":"post_tag","embeddable":true,"href":"https:\/\/elradar.info\/index.php?rest_route=%2Fwp%2Fv2%2Ftags&post=23662"}],"curies":[{"name":"wp","href":"https:\/\/api.w.org\/{rel}","templated":true}]}}