{"id":23765,"date":"2022-06-09T14:48:08","date_gmt":"2022-06-09T18:48:08","guid":{"rendered":"http:\/\/elradar.info\/?p=23765"},"modified":"2024-02-01T12:18:33","modified_gmt":"2024-02-01T16:18:33","slug":"la-fam-bolivia-junto-al-ine-trabajan-para-socializar-el-censo-2022-a-todos-los-municipios-del-pais","status":"publish","type":"post","link":"https:\/\/elradar.info\/?p=23765","title":{"rendered":"<strong>La FAM Bolivia junto al INE trabajan para socializar el Censo 2022 a todos los municipios del pa\u00eds<\/strong>"},"content":{"rendered":"\n<p>El Instituto Nacional de Estad\u00edstica (INE) junto a la Federaci\u00f3n de Asociaciones Municipales de Bolivia (FAM-Bolivia) que contempla a las 9 Asociaciones Departamentales de Gobiernos Aut\u00f3nomos Municipales, este jueves, acordaron&nbsp; socializar el proyecto del Censo de Poblaci\u00f3n y Vivienda (CPV) en los 336 municipios del pa\u00eds y 5 Gobiernos Aut\u00f3nomos Ind\u00edgena Originarios Campesinos (GAIOC) a partir de mayo.<\/p>\n\n\n\n<p>El presidente de la FAM Bolivia, Enrique Lea\u00f1o se\u00f1al\u00f3 que se realizaron reuniones con las diferentes asociaciones departamentales como ser Amdepo, Amdeor y Agamdepaz, entre otros.<\/p>\n\n\n\n<p><em>\u201cAl momento se alcanz\u00f3 a socializar en cinco departamentos y se tiene programado que en los cuatro restantes la socializaci\u00f3n se desarrolle hasta finales de junio y principios de julio\u201d<\/em>, dijo Lea\u00f1o, en una entrevista con BTV.<\/p>\n\n\n\n<p>Asimismo, el presidente de la FAM Bolivia destac\u00f3 que la recepci\u00f3n de los municipios al proceso del pre censo, es satisfactoria y que hay un equipo consolidado que garantiza el Censo 2022.<\/p>\n\n\n\n<p>Este jueves, en instalaciones de Amdecruz, personal del INE socializa el proyecto del pr\u00f3ximo Censo de 2022 a autoridades de los diferentes municipios cruce\u00f1os.<\/p>\n\n\n\n<p>La responsable regional del INE, Silvia Antelo dijo que en esta jornada participan 54 alcaldes y dos representantes de GAIOCS (Gobiernos Aut\u00f3nomos Ind\u00edgenas Originarios Campesina) de Santa Cruz. <\/p>\n","protected":false},"excerpt":{"rendered":"<p>El Instituto Nacional de Estad\u00edstica (INE) junto a la Federaci\u00f3n de Asociaciones Municipales de Bolivia (FAM-Bolivia) que contempla a las 9 Asociaciones Departamentales de Gobiernos Aut\u00f3nomos Municipales, este jueves, acordaron&nbsp; socializar el proyecto del Censo de Poblaci\u00f3n y Vivienda (CPV) en los 336 municipios del pa\u00eds y 5 Gobiernos Aut\u00f3nomos Ind\u00edgena Originarios Campesinos (GAIOC) a partir de mayo. El presidente de la FAM Bolivia, Enrique Lea\u00f1o se\u00f1al\u00f3 que se realizaron reuniones con las diferentes asociaciones departamentales como ser Amdepo, Amdeor y Agamdepaz, entre otros. \u201cAl momento se alcanz\u00f3 a socializar en cinco departamentos y se tiene programado que en los<\/p>\n","protected":false},"author":2,"featured_media":23768,"comment_status":"closed","ping_status":"open","sticky":false,"template":"","format":"standard","meta":{"_seopress_robots_primary_cat":"none","_seopress_titles_title":"","_seopress_titles_desc":"","_seopress_robots_index":"","_jetpack_memberships_contains_paid_content":false,"footnotes":""},"categories":[103],"tags":[109,722,2430,2431],"class_list":["post-23765","post","type-post","status-publish","format-standard","has-post-thumbnail","hentry","category-nacional","tag-bolivia","tag-censo-2022","tag-federacion-de-asociaciones-municipales-de-bolivia","tag-instituto-nacional-de-estadistica"],"jetpack_featured_media_url":"https:\/\/elradar.info\/wp-content\/uploads\/2022\/06\/Censo.jpeg","jetpack_sharing_enabled":true,"amp_enabled":true,"_links":{"self":[{"href":"https:\/\/elradar.info\/index.php?rest_route=\/wp\/v2\/posts\/23765","targetHints":{"allow":["GET"]}}],"collection":[{"href":"https:\/\/elradar.info\/index.php?rest_route=\/wp\/v2\/posts"}],"about":[{"href":"https:\/\/elradar.info\/index.php?rest_route=\/wp\/v2\/types\/post"}],"author":[{"embeddable":true,"href":"https:\/\/elradar.info\/index.php?rest_route=\/wp\/v2\/users\/2"}],"replies":[{"embeddable":true,"href":"https:\/\/elradar.info\/index.php?rest_route=%2Fwp%2Fv2%2Fcomments&post=23765"}],"version-history":[{"count":1,"href":"https:\/\/elradar.info\/index.php?rest_route=\/wp\/v2\/posts\/23765\/revisions"}],"predecessor-version":[{"id":23769,"href":"https:\/\/elradar.info\/index.php?rest_route=\/wp\/v2\/posts\/23765\/revisions\/23769"}],"wp:featuredmedia":[{"embeddable":true,"href":"https:\/\/elradar.info\/index.php?rest_route=\/wp\/v2\/media\/23768"}],"wp:attachment":[{"href":"https:\/\/elradar.info\/index.php?rest_route=%2Fwp%2Fv2%2Fmedia&parent=23765"}],"wp:term":[{"taxonomy":"category","embeddable":true,"href":"https:\/\/elradar.info\/index.php?rest_route=%2Fwp%2Fv2%2Fcategories&post=23765"},{"taxonomy":"post_tag","embeddable":true,"href":"https:\/\/elradar.info\/index.php?rest_route=%2Fwp%2Fv2%2Ftags&post=23765"}],"curies":[{"name":"wp","href":"https:\/\/api.w.org\/{rel}","templated":true}]}}