{"id":23857,"date":"2022-06-10T21:57:52","date_gmt":"2022-06-11T01:57:52","guid":{"rendered":"http:\/\/elradar.info\/?p=23857"},"modified":"2024-02-01T12:18:32","modified_gmt":"2024-02-01T16:18:32","slug":"jeanine-anez-es-sentenciada-a-10-anos-de-carcel-por-el-caso-golpe-de-estado-ii","status":"publish","type":"post","link":"https:\/\/elradar.info\/?p=23857","title":{"rendered":"<strong>Jeanine \u00c1\u00f1ez es sentenciada a 10 a\u00f1os de c\u00e1rcel por el caso Golpe de Estado II<\/strong>"},"content":{"rendered":"\n<p>El Tribunal de Sentencia Primero Anticorrupci\u00f3n de La Paz por decisi\u00f3n un\u00e1nime determin\u00f3 10 a\u00f1os para Jeanine \u00c1\u00f1ez, por el caso Golpe De Estado II, la noche de este viernes.<\/p>\n\n\n\n<p>Junto a la exsenadora, el excomandante de las FFAA, Williams Kaliman y el excomandante de la Polic\u00eda, Yuri Calder\u00f3n, fueron sentenciados tambi\u00e9n a 10 a\u00f1os de c\u00e1rcel, por el caso Golpe de Estado II, a cumplirse hasta el 10 de junio de 2032.<\/p>\n\n\n\n<p>Con la hist\u00f3rica sentencia, Bolivia marca precedente para evitar rupturas del orden constitucional.&nbsp;<\/p>\n","protected":false},"excerpt":{"rendered":"<p>El Tribunal de Sentencia Primero Anticorrupci\u00f3n de La Paz por decisi\u00f3n un\u00e1nime determin\u00f3 10 a\u00f1os para Jeanine \u00c1\u00f1ez, por el caso Golpe De Estado II, la noche de este viernes. Junto a la exsenadora, el excomandante de las FFAA, Williams Kaliman y el excomandante de la Polic\u00eda, Yuri Calder\u00f3n, fueron sentenciados tambi\u00e9n a 10 a\u00f1os de c\u00e1rcel, por el caso Golpe de Estado II, a cumplirse hasta el 10 de junio de 2032. Con la hist\u00f3rica sentencia, Bolivia marca precedente para evitar rupturas del orden constitucional.&nbsp;<\/p>\n","protected":false},"author":2,"featured_media":23860,"comment_status":"closed","ping_status":"open","sticky":false,"template":"","format":"standard","meta":{"_seopress_robots_primary_cat":"none","_seopress_titles_title":"","_seopress_titles_desc":"","_seopress_robots_index":"","_jetpack_memberships_contains_paid_content":false,"footnotes":""},"categories":[103],"tags":[2463,109,2378,131,1659,2464],"class_list":["post-23857","post","type-post","status-publish","format-standard","has-post-thumbnail","hentry","category-nacional","tag-10-anos","tag-bolivia","tag-golpe-de-estado-ii","tag-jeanine-anez","tag-sentencia","tag-tribunal-de-sentencia-primero-anticorrupcion-de-la-paz"],"jetpack_featured_media_url":"https:\/\/elradar.info\/wp-content\/uploads\/2022\/06\/WhatsApp-Image-2022-06-10-at-6.56.20-PM.jpeg","jetpack_sharing_enabled":true,"amp_enabled":true,"_links":{"self":[{"href":"https:\/\/elradar.info\/index.php?rest_route=\/wp\/v2\/posts\/23857","targetHints":{"allow":["GET"]}}],"collection":[{"href":"https:\/\/elradar.info\/index.php?rest_route=\/wp\/v2\/posts"}],"about":[{"href":"https:\/\/elradar.info\/index.php?rest_route=\/wp\/v2\/types\/post"}],"author":[{"embeddable":true,"href":"https:\/\/elradar.info\/index.php?rest_route=\/wp\/v2\/users\/2"}],"replies":[{"embeddable":true,"href":"https:\/\/elradar.info\/index.php?rest_route=%2Fwp%2Fv2%2Fcomments&post=23857"}],"version-history":[{"count":1,"href":"https:\/\/elradar.info\/index.php?rest_route=\/wp\/v2\/posts\/23857\/revisions"}],"predecessor-version":[{"id":23861,"href":"https:\/\/elradar.info\/index.php?rest_route=\/wp\/v2\/posts\/23857\/revisions\/23861"}],"wp:featuredmedia":[{"embeddable":true,"href":"https:\/\/elradar.info\/index.php?rest_route=\/wp\/v2\/media\/23860"}],"wp:attachment":[{"href":"https:\/\/elradar.info\/index.php?rest_route=%2Fwp%2Fv2%2Fmedia&parent=23857"}],"wp:term":[{"taxonomy":"category","embeddable":true,"href":"https:\/\/elradar.info\/index.php?rest_route=%2Fwp%2Fv2%2Fcategories&post=23857"},{"taxonomy":"post_tag","embeddable":true,"href":"https:\/\/elradar.info\/index.php?rest_route=%2Fwp%2Fv2%2Ftags&post=23857"}],"curies":[{"name":"wp","href":"https:\/\/api.w.org\/{rel}","templated":true}]}}