{"id":23919,"date":"2022-06-13T12:14:02","date_gmt":"2022-06-13T16:14:02","guid":{"rendered":"http:\/\/elradar.info\/?p=23919"},"modified":"2024-02-01T12:18:31","modified_gmt":"2024-02-01T16:18:31","slug":"nino-de-dos-anos-es-asesinado-por-su-madre-la-misma-parece-sufrir-problemas-psicologicos","status":"publish","type":"post","link":"https:\/\/elradar.info\/?p=23919","title":{"rendered":"Ni\u00f1o de dos a\u00f1os es asesinado por su madre, la misma parece\u00a0sufrir problemas psicol\u00f3gicos"},"content":{"rendered":"\n<p>En la zona de Alto Mirador, al sur de la ciudad de Cochabamba, el d\u00eda s\u00e1bado se cometi\u00f3 un infanticidio en el que una mujer realiz\u00f3 un corte en la garganta de su propio hijo de dos a\u00f1os.<\/p>\n\n\n\n<p>Seg\u00fan el relato de la abuela, Emir, la v\u00edctima, hab\u00eda sido criado por ella desde peque\u00f1o, pues su hija y el padre del ni\u00f1o (supuestamente un uniformado del que no se dieron mayores datos) no se hac\u00edan cargo de \u00e9l. Es as\u00ed que el d\u00eda s\u00e1bado sali\u00f3 a comprar unos alimentos y, al regresar, encontr\u00f3 a su nieto muerto sobre la cama. Al preguntarle al respecto, su hija habr\u00eda confesado ser la autora del crimen. El comportamiento de la misma hace suponer que padecer\u00eda problemas psicol\u00f3gicos, pues incluso habr\u00eda llegado a re\u00edr luego de lo sucedido, diciendo que mat\u00f3 al ni\u00f1o para que su padre (que estaba disputando la custodia) no se lo llevara<em>: \u201cpor eso lo he matado, para que no moleste\u201d<\/em>, habr\u00eda manifestado a su madre.<\/p>\n\n\n\n<p>Justina, la abuela del menor, relat\u00f3 que habr\u00eda levantado una denuncia contra su hija en la Defensor\u00eda y el SLIM, porque su hija era agresiva y ten\u00eda problemas psicol\u00f3gicos. Sin embargo, pese a haber dicho que har\u00edan un seguimiento del caso, no lo hicieron.&nbsp;<\/p>\n\n\n\n<p>El caso a\u00fan se encuentra en proceso de investigaci\u00f3n.<\/p>\n","protected":false},"excerpt":{"rendered":"<p>En la zona de Alto Mirador, al sur de la ciudad de Cochabamba, el d\u00eda s\u00e1bado se cometi\u00f3 un infanticidio en el que una mujer realiz\u00f3 un corte en la garganta de su propio hijo de dos a\u00f1os. Seg\u00fan el relato de la abuela, Emir, la v\u00edctima, hab\u00eda sido criado por ella desde peque\u00f1o, pues su hija y el padre del ni\u00f1o (supuestamente un uniformado del que no se dieron mayores datos) no se hac\u00edan cargo de \u00e9l. Es as\u00ed que el d\u00eda s\u00e1bado sali\u00f3 a comprar unos alimentos y, al regresar, encontr\u00f3 a su nieto muerto sobre la cama.<\/p>\n","protected":false},"author":2,"featured_media":23922,"comment_status":"closed","ping_status":"open","sticky":false,"template":"","format":"standard","meta":{"_seopress_robots_primary_cat":"none","_seopress_titles_title":"","_seopress_titles_desc":"","_seopress_robots_index":"","_jetpack_memberships_contains_paid_content":false,"footnotes":""},"categories":[103],"tags":[2483,109,313,844,2482,2481,2484],"class_list":["post-23919","post","type-post","status-publish","format-standard","has-post-thumbnail","hentry","category-nacional","tag-alto-mirador","tag-bolivia","tag-cochabamba","tag-infanticidio","tag-madre","tag-nino-asesinado","tag-problemas-psicologicos"],"jetpack_featured_media_url":"https:\/\/elradar.info\/wp-content\/uploads\/2022\/06\/bebe-muerto.jpg","jetpack_sharing_enabled":true,"amp_enabled":true,"_links":{"self":[{"href":"https:\/\/elradar.info\/index.php?rest_route=\/wp\/v2\/posts\/23919","targetHints":{"allow":["GET"]}}],"collection":[{"href":"https:\/\/elradar.info\/index.php?rest_route=\/wp\/v2\/posts"}],"about":[{"href":"https:\/\/elradar.info\/index.php?rest_route=\/wp\/v2\/types\/post"}],"author":[{"embeddable":true,"href":"https:\/\/elradar.info\/index.php?rest_route=\/wp\/v2\/users\/2"}],"replies":[{"embeddable":true,"href":"https:\/\/elradar.info\/index.php?rest_route=%2Fwp%2Fv2%2Fcomments&post=23919"}],"version-history":[{"count":1,"href":"https:\/\/elradar.info\/index.php?rest_route=\/wp\/v2\/posts\/23919\/revisions"}],"predecessor-version":[{"id":23923,"href":"https:\/\/elradar.info\/index.php?rest_route=\/wp\/v2\/posts\/23919\/revisions\/23923"}],"wp:featuredmedia":[{"embeddable":true,"href":"https:\/\/elradar.info\/index.php?rest_route=\/wp\/v2\/media\/23922"}],"wp:attachment":[{"href":"https:\/\/elradar.info\/index.php?rest_route=%2Fwp%2Fv2%2Fmedia&parent=23919"}],"wp:term":[{"taxonomy":"category","embeddable":true,"href":"https:\/\/elradar.info\/index.php?rest_route=%2Fwp%2Fv2%2Fcategories&post=23919"},{"taxonomy":"post_tag","embeddable":true,"href":"https:\/\/elradar.info\/index.php?rest_route=%2Fwp%2Fv2%2Ftags&post=23919"}],"curies":[{"name":"wp","href":"https:\/\/api.w.org\/{rel}","templated":true}]}}