{"id":23998,"date":"2022-06-14T14:28:01","date_gmt":"2022-06-14T18:28:01","guid":{"rendered":"http:\/\/elradar.info\/?p=23998"},"modified":"2024-02-01T12:18:08","modified_gmt":"2024-02-01T16:18:08","slug":"las-bajas-temperaturas-ocasionan-la-muerte-de-dos-personas-en-la-paz","status":"publish","type":"post","link":"https:\/\/elradar.info\/?p=23998","title":{"rendered":"<strong>Las bajas temperaturas ocasionan la muerte de dos personas en La Paz<\/strong>&nbsp;"},"content":{"rendered":"\n<p>El mayor Ren\u00e9 Tambo, jefe de la Divisi\u00f3n Homicidios de la Fuerza Especial de Lucha Contra el Crimen, inform\u00f3 hoy que, debido a las bajas temperaturas, dos personas murieron de hipotermia en la ciudad de La Paz. Se tratar\u00eda de dos varones, uno de entre 43 y 47 a\u00f1os de edad, encontrado en la Ciudadela Ferroviaria, y otro de entre 30 y 35 a\u00f1os, hallado en la zona de San Pedro. Seg\u00fan inform\u00f3 Tambo, uno de los fallecidos era bebedor consuetudinario.&nbsp;<\/p>\n\n\n\n<p>El reporte del Senhami para ma\u00f1ana muestra que se llegar\u00e1 a los 11 grados bajo cero en El Alto y a 2 grados en la ciudad de La Paz, por ello, se recomienda usar ropa abrigada y tomar las previsiones necesarias. Asimismo, el Senhami report\u00f3 que el fr\u00edo continuar\u00e1 durante los meses de junio y julio, incluyendo, posiblemente, principios de agosto.<\/p>\n\n\n\n<p>Tambi\u00e9n se lanz\u00f3 una alerta naranja para los departamentos de Santa Cruz, Beni, Tarija y Chuquisaca, en los que se pronostica que ingresar\u00e1 un frente fr\u00edo que ocasionar\u00e1 descensos de temperatura de entre 9 y 12 grados desde el s\u00e1bado 11 hasta el martes 14 de junio.<\/p>\n","protected":false},"excerpt":{"rendered":"<p>El mayor Ren\u00e9 Tambo, jefe de la Divisi\u00f3n Homicidios de la Fuerza Especial de Lucha Contra el Crimen, inform\u00f3 hoy que, debido a las bajas temperaturas, dos personas murieron de hipotermia en la ciudad de La Paz. Se tratar\u00eda de dos varones, uno de entre 43 y 47 a\u00f1os de edad, encontrado en la Ciudadela Ferroviaria, y otro de entre 30 y 35 a\u00f1os, hallado en la zona de San Pedro. Seg\u00fan inform\u00f3 Tambo, uno de los fallecidos era bebedor consuetudinario.&nbsp; El reporte del Senhami para ma\u00f1ana muestra que se llegar\u00e1 a los 11 grados bajo cero en El Alto<\/p>\n","protected":false},"author":2,"featured_media":24004,"comment_status":"closed","ping_status":"open","sticky":false,"template":"","format":"standard","meta":{"_seopress_robots_primary_cat":"none","_seopress_titles_title":"","_seopress_titles_desc":"","_seopress_robots_index":"","_jetpack_memberships_contains_paid_content":false,"footnotes":""},"categories":[103],"tags":[2227,109,2511,293,2509,2510],"class_list":["post-23998","post","type-post","status-publish","format-standard","has-post-thumbnail","hentry","category-nacional","tag-bajas-temperaturas","tag-bolivia","tag-hipotermia","tag-la-paz","tag-muerte","tag-muerte-de-dos-personas"],"jetpack_featured_media_url":"https:\/\/elradar.info\/wp-content\/uploads\/2022\/06\/BoliviaElefantes_7.jpg","jetpack_sharing_enabled":true,"amp_enabled":true,"_links":{"self":[{"href":"https:\/\/elradar.info\/index.php?rest_route=\/wp\/v2\/posts\/23998","targetHints":{"allow":["GET"]}}],"collection":[{"href":"https:\/\/elradar.info\/index.php?rest_route=\/wp\/v2\/posts"}],"about":[{"href":"https:\/\/elradar.info\/index.php?rest_route=\/wp\/v2\/types\/post"}],"author":[{"embeddable":true,"href":"https:\/\/elradar.info\/index.php?rest_route=\/wp\/v2\/users\/2"}],"replies":[{"embeddable":true,"href":"https:\/\/elradar.info\/index.php?rest_route=%2Fwp%2Fv2%2Fcomments&post=23998"}],"version-history":[{"count":1,"href":"https:\/\/elradar.info\/index.php?rest_route=\/wp\/v2\/posts\/23998\/revisions"}],"predecessor-version":[{"id":24002,"href":"https:\/\/elradar.info\/index.php?rest_route=\/wp\/v2\/posts\/23998\/revisions\/24002"}],"wp:featuredmedia":[{"embeddable":true,"href":"https:\/\/elradar.info\/index.php?rest_route=\/wp\/v2\/media\/24004"}],"wp:attachment":[{"href":"https:\/\/elradar.info\/index.php?rest_route=%2Fwp%2Fv2%2Fmedia&parent=23998"}],"wp:term":[{"taxonomy":"category","embeddable":true,"href":"https:\/\/elradar.info\/index.php?rest_route=%2Fwp%2Fv2%2Fcategories&post=23998"},{"taxonomy":"post_tag","embeddable":true,"href":"https:\/\/elradar.info\/index.php?rest_route=%2Fwp%2Fv2%2Ftags&post=23998"}],"curies":[{"name":"wp","href":"https:\/\/api.w.org\/{rel}","templated":true}]}}