{"id":24048,"date":"2022-06-15T12:28:28","date_gmt":"2022-06-15T16:28:28","guid":{"rendered":"http:\/\/elradar.info\/?p=24048"},"modified":"2024-02-01T12:18:08","modified_gmt":"2024-02-01T16:18:08","slug":"alcaldes-de-los-valles-crucenos-anuncian-medidas-de-presion-hasta-que-camacho-los-atienda","status":"publish","type":"post","link":"https:\/\/elradar.info\/?p=24048","title":{"rendered":"Alcaldes de los Valles cruce\u00f1os anuncian medidas de presi\u00f3n hasta que Camacho los atienda"},"content":{"rendered":"\n<p>Una vez vencido el plazo que dieron los alcaldes de los Valles cruce\u00f1os al gobernador Luis Fernando Camacho para sentarse en una mesa de di\u00e1logo y atender las demandas, las autoridades municipales instalaron una vigilia en las puertas del Centro de Educaci\u00f3n Ambiental (CEA), dependiente del Gobierno departamental y anunciaron que definir\u00e1n medidas de presi\u00f3n como bloqueos o toma de predios ante lo que consideran \u201cuna burla\u201d por parte del Gobernador.<\/p>\n\n\n\n<p><em>&#8220;Hemos venido con mi dirigente de la Central Provincial para que podamos entregar por segunda vez (el pliego de demandas), para que nos pueda atender el se\u00f1or gobernador, pero lamentablemente nos topamos con una gobernaci\u00f3n ineficiente, inoperante por la incapacidad del gobernador que no ha podido solucionar estos problemas\u201d<\/em>, protest\u00f3 el asamble\u00edsta del MAS, Antonio Paco Barral.<\/p>\n\n\n\n<p>La vigilia no se suspender\u00e1 hasta que Camacho se presente en el CEA y acepte reunirse con ellos. Los alcaldes aseguran que cuentan con acuerdos suscritos para establecer mesas t\u00e9cnicas respecto al pliego petitorio.<\/p>\n\n\n\n<p><em>&#8220;Nos vamos a quedar aqu\u00ed, no queremos que jueguen con nosotros y las organizaciones sociales. Somos autoridades electas y queremos hablar con el gobernador. Se est\u00e1n gastando el dinero de las regal\u00edas en sueldos y salarios, hay saldos de los gastos que se han hecho y est\u00e1 todo claro, tenemos los reportes del POA de la Gobernaci\u00f3n y queremos mostrar la realidad al gobernador&#8221;<\/em>, expres\u00f3 Jhonny Vocal, alcalde de Comarapa.<\/p>\n","protected":false},"excerpt":{"rendered":"<p>Una vez vencido el plazo que dieron los alcaldes de los Valles cruce\u00f1os al gobernador Luis Fernando Camacho para sentarse en una mesa de di\u00e1logo y atender las demandas, las autoridades municipales instalaron una vigilia en las puertas del Centro de Educaci\u00f3n Ambiental (CEA), dependiente del Gobierno departamental y anunciaron que definir\u00e1n medidas de presi\u00f3n como bloqueos o toma de predios ante lo que consideran \u201cuna burla\u201d por parte del Gobernador. &#8220;Hemos venido con mi dirigente de la Central Provincial para que podamos entregar por segunda vez (el pliego de demandas), para que nos pueda atender el se\u00f1or gobernador, pero<\/p>\n","protected":false},"author":2,"featured_media":24051,"comment_status":"closed","ping_status":"open","sticky":false,"template":"","format":"standard","meta":{"_seopress_robots_primary_cat":"none","_seopress_titles_title":"","_seopress_titles_desc":"","_seopress_robots_index":"","_jetpack_memberships_contains_paid_content":false,"footnotes":""},"categories":[103],"tags":[2524,2528,109,2526,235,628,2525,167,2523],"class_list":["post-24048","post","type-post","status-publish","format-standard","has-post-thumbnail","hentry","category-nacional","tag-alcaldes","tag-antonio-paco-barral","tag-bolivia","tag-jhonny-vocal","tag-luis-fernando-camacho","tag-mas","tag-medidas-de-presion","tag-santa-cruz","tag-valles-crucenos"],"jetpack_featured_media_url":"https:\/\/elradar.info\/wp-content\/uploads\/2022\/06\/alcaldes-valles-cruceos-reunin-gobernacin-cea-ultimtum-_1220412086_1140x520.jpg","jetpack_sharing_enabled":true,"amp_enabled":true,"_links":{"self":[{"href":"https:\/\/elradar.info\/index.php?rest_route=\/wp\/v2\/posts\/24048","targetHints":{"allow":["GET"]}}],"collection":[{"href":"https:\/\/elradar.info\/index.php?rest_route=\/wp\/v2\/posts"}],"about":[{"href":"https:\/\/elradar.info\/index.php?rest_route=\/wp\/v2\/types\/post"}],"author":[{"embeddable":true,"href":"https:\/\/elradar.info\/index.php?rest_route=\/wp\/v2\/users\/2"}],"replies":[{"embeddable":true,"href":"https:\/\/elradar.info\/index.php?rest_route=%2Fwp%2Fv2%2Fcomments&post=24048"}],"version-history":[{"count":1,"href":"https:\/\/elradar.info\/index.php?rest_route=\/wp\/v2\/posts\/24048\/revisions"}],"predecessor-version":[{"id":24052,"href":"https:\/\/elradar.info\/index.php?rest_route=\/wp\/v2\/posts\/24048\/revisions\/24052"}],"wp:featuredmedia":[{"embeddable":true,"href":"https:\/\/elradar.info\/index.php?rest_route=\/wp\/v2\/media\/24051"}],"wp:attachment":[{"href":"https:\/\/elradar.info\/index.php?rest_route=%2Fwp%2Fv2%2Fmedia&parent=24048"}],"wp:term":[{"taxonomy":"category","embeddable":true,"href":"https:\/\/elradar.info\/index.php?rest_route=%2Fwp%2Fv2%2Fcategories&post=24048"},{"taxonomy":"post_tag","embeddable":true,"href":"https:\/\/elradar.info\/index.php?rest_route=%2Fwp%2Fv2%2Ftags&post=24048"}],"curies":[{"name":"wp","href":"https:\/\/api.w.org\/{rel}","templated":true}]}}