{"id":24104,"date":"2022-06-17T11:04:42","date_gmt":"2022-06-17T15:04:42","guid":{"rendered":"http:\/\/elradar.info\/?p=24104"},"modified":"2024-02-01T12:18:07","modified_gmt":"2024-02-01T16:18:07","slug":"talud-en-plena-avenida-de-la-paz-sepulta-cuatro-vehiculos-y-deja-seis-heridos","status":"publish","type":"post","link":"https:\/\/elradar.info\/?p=24104","title":{"rendered":"<strong>Talud en plena avenida de La Paz, sepulta cuatro veh\u00edculos y deja seis heridos<\/strong>"},"content":{"rendered":"\n<p>Este mi\u00e9rcoles aproximadamente a las 18.30, se produjo el deslizamiento de un talud en la avenida Libertadores, entre la Curva de Holgu\u00edn y la Gruta de la Virgen de Lourdes, en el ingreso de la zona de Obrajes, ubicado al Sur de la ciudad de La Paz. Quedaron sepultados al menos cuatro veh\u00edculos que circulaban por el lugar y seis personas resultaron heridas.<\/p>\n\n\n\n<p>El alcalde, Iv\u00e1n Arias, confirm\u00f3 que cuatro personas fueron rescatadas de dos motorizados, que fueron atrapados por el derrumbe del talud de tierra en el ingreso de la zona de Obrajes, en la ciudad de La Paz, la noche de este s\u00e1bado. Seg\u00fan el burgomaestre el deslizamiento se debe a un \u201cfen\u00f3meno natural\u201d.<\/p>\n\n\n\n<p><em>\u201cSe nos ha ca\u00eddo un talud de 25 metros, un talud que ha arrastrado una gran cantidad de tierra, ha atrapado dos autos, que hemos logrado liberar, uno llegando a la Gruta de Lourdes, otro ac\u00e1, se especula que habr\u00eda dos autos, hemos metido canes especializados, no han encontrado nada, pero todav\u00eda no podemos sacar conclusiones\u201d<\/em>, dijo Arias a los periodistas.<\/p>\n\n\n\n<p>Estas personas fueron internadas de emergencia, dos est\u00e1n en el Hospital Metodista y las otras dos fueron trasladadas a otro nosocomio cercano.&nbsp;<\/p>\n\n\n\n<p><em>\u201cLa tierra se calienta mucho y luego se enfr\u00eda y provoca este tipo de explosiones como nos ocurri\u00f3 el a\u00f1o pasado en Aranjuez. Este es un fen\u00f3meno natural (\u2026) vamos a estar aqu\u00ed hasta que logremos sacar esta inmensa cantidad de tierra que pasa de toneladas y toneladas\u201d<\/em>, indic\u00f3 la autoridad edil.<\/p>\n\n\n\n<figure class=\"wp-block-gallery has-nested-images columns-default is-cropped wp-block-gallery-1 is-layout-flex wp-block-gallery-is-layout-flex\">\n<figure class=\"wp-block-image size-large\"><img loading=\"lazy\" decoding=\"async\" width=\"1024\" height=\"557\" data-id=\"24108\" src=\"https:\/\/elradar.info\/wp-content\/uploads\/2022\/06\/288761368_5790774807633544_1059749699455857564_n-1024x557.jpg\" alt=\"\" class=\"wp-image-24108\" srcset=\"https:\/\/elradar.info\/wp-content\/uploads\/2022\/06\/288761368_5790774807633544_1059749699455857564_n-1024x557.jpg 1024w, https:\/\/elradar.info\/wp-content\/uploads\/2022\/06\/288761368_5790774807633544_1059749699455857564_n-300x163.jpg 300w, https:\/\/elradar.info\/wp-content\/uploads\/2022\/06\/288761368_5790774807633544_1059749699455857564_n-768x418.jpg 768w, https:\/\/elradar.info\/wp-content\/uploads\/2022\/06\/288761368_5790774807633544_1059749699455857564_n-360x196.jpg 360w, https:\/\/elradar.info\/wp-content\/uploads\/2022\/06\/288761368_5790774807633544_1059749699455857564_n.jpg 1280w\" sizes=\"auto, (max-width: 1024px) 100vw, 1024px\" \/><\/figure>\n\n\n\n<figure class=\"wp-block-image size-large\"><img loading=\"lazy\" decoding=\"async\" width=\"1024\" height=\"575\" data-id=\"24110\" src=\"https:\/\/elradar.info\/wp-content\/uploads\/2022\/06\/288630675_5790774797633545_8497870733483236430_n-1024x575.jpg\" alt=\"\" class=\"wp-image-24110\" srcset=\"https:\/\/elradar.info\/wp-content\/uploads\/2022\/06\/288630675_5790774797633545_8497870733483236430_n-1024x575.jpg 1024w, https:\/\/elradar.info\/wp-content\/uploads\/2022\/06\/288630675_5790774797633545_8497870733483236430_n-300x169.jpg 300w, https:\/\/elradar.info\/wp-content\/uploads\/2022\/06\/288630675_5790774797633545_8497870733483236430_n-768x431.jpg 768w, https:\/\/elradar.info\/wp-content\/uploads\/2022\/06\/288630675_5790774797633545_8497870733483236430_n-360x202.jpg 360w, https:\/\/elradar.info\/wp-content\/uploads\/2022\/06\/288630675_5790774797633545_8497870733483236430_n.jpg 1280w\" sizes=\"auto, (max-width: 1024px) 100vw, 1024px\" \/><\/figure>\n\n\n\n<figure class=\"wp-block-image size-large\"><img loading=\"lazy\" decoding=\"async\" width=\"768\" height=\"1024\" data-id=\"24109\" src=\"https:\/\/elradar.info\/wp-content\/uploads\/2022\/06\/288927402_2380734152066254_7199883334783763934_n-768x1024.jpg\" alt=\"\" class=\"wp-image-24109\" srcset=\"https:\/\/elradar.info\/wp-content\/uploads\/2022\/06\/288927402_2380734152066254_7199883334783763934_n-768x1024.jpg 768w, https:\/\/elradar.info\/wp-content\/uploads\/2022\/06\/288927402_2380734152066254_7199883334783763934_n-225x300.jpg 225w, https:\/\/elradar.info\/wp-content\/uploads\/2022\/06\/288927402_2380734152066254_7199883334783763934_n-1152x1536.jpg 1152w, https:\/\/elradar.info\/wp-content\/uploads\/2022\/06\/288927402_2380734152066254_7199883334783763934_n-360x480.jpg 360w, https:\/\/elradar.info\/wp-content\/uploads\/2022\/06\/288927402_2380734152066254_7199883334783763934_n.jpg 1200w\" sizes=\"auto, (max-width: 768px) 100vw, 768px\" \/><\/figure>\n<\/figure>\n","protected":false},"excerpt":{"rendered":"<p>Este mi\u00e9rcoles aproximadamente a las 18.30, se produjo el deslizamiento de un talud en la avenida Libertadores, entre la Curva de Holgu\u00edn y la Gruta de la Virgen de Lourdes, en el ingreso de la zona de Obrajes, ubicado al Sur de la ciudad de La Paz. Quedaron sepultados al menos cuatro veh\u00edculos que circulaban por el lugar y seis personas resultaron heridas. El alcalde, Iv\u00e1n Arias, confirm\u00f3 que cuatro personas fueron rescatadas de dos motorizados, que fueron atrapados por el derrumbe del talud de tierra en el ingreso de la zona de Obrajes, en la ciudad de La Paz,<\/p>\n","protected":false},"author":2,"featured_media":24107,"comment_status":"closed","ping_status":"open","sticky":false,"template":"","format":"standard","meta":{"_seopress_robots_primary_cat":"none","_seopress_titles_title":"","_seopress_titles_desc":"","_seopress_robots_index":"","_jetpack_memberships_contains_paid_content":false,"footnotes":""},"categories":[103],"tags":[2546,109,300,293,2547,1881],"class_list":["post-24104","post","type-post","status-publish","format-standard","has-post-thumbnail","hentry","category-nacional","tag-avenida-libertadores","tag-bolivia","tag-ivan-arias","tag-la-paz","tag-obrajes","tag-talud"],"jetpack_featured_media_url":"https:\/\/elradar.info\/wp-content\/uploads\/2022\/06\/288864075_5790774800966878_710550173223164789_n.jpg","jetpack_sharing_enabled":true,"amp_enabled":true,"_links":{"self":[{"href":"https:\/\/elradar.info\/index.php?rest_route=\/wp\/v2\/posts\/24104","targetHints":{"allow":["GET"]}}],"collection":[{"href":"https:\/\/elradar.info\/index.php?rest_route=\/wp\/v2\/posts"}],"about":[{"href":"https:\/\/elradar.info\/index.php?rest_route=\/wp\/v2\/types\/post"}],"author":[{"embeddable":true,"href":"https:\/\/elradar.info\/index.php?rest_route=\/wp\/v2\/users\/2"}],"replies":[{"embeddable":true,"href":"https:\/\/elradar.info\/index.php?rest_route=%2Fwp%2Fv2%2Fcomments&post=24104"}],"version-history":[{"count":1,"href":"https:\/\/elradar.info\/index.php?rest_route=\/wp\/v2\/posts\/24104\/revisions"}],"predecessor-version":[{"id":24111,"href":"https:\/\/elradar.info\/index.php?rest_route=\/wp\/v2\/posts\/24104\/revisions\/24111"}],"wp:featuredmedia":[{"embeddable":true,"href":"https:\/\/elradar.info\/index.php?rest_route=\/wp\/v2\/media\/24107"}],"wp:attachment":[{"href":"https:\/\/elradar.info\/index.php?rest_route=%2Fwp%2Fv2%2Fmedia&parent=24104"}],"wp:term":[{"taxonomy":"category","embeddable":true,"href":"https:\/\/elradar.info\/index.php?rest_route=%2Fwp%2Fv2%2Fcategories&post=24104"},{"taxonomy":"post_tag","embeddable":true,"href":"https:\/\/elradar.info\/index.php?rest_route=%2Fwp%2Fv2%2Ftags&post=24104"}],"curies":[{"name":"wp","href":"https:\/\/api.w.org\/{rel}","templated":true}]}}