{"id":24333,"date":"2022-06-23T13:08:44","date_gmt":"2022-06-23T17:08:44","guid":{"rendered":"http:\/\/elradar.info\/?p=24333"},"modified":"2024-02-01T12:18:02","modified_gmt":"2024-02-01T16:18:02","slug":"centros-de-salud-en-emergencia-demandan-pago-de-agua-potable-a-la-alcaldia-pacena-temen-corte-de-servicio","status":"publish","type":"post","link":"https:\/\/elradar.info\/?p=24333","title":{"rendered":"<strong>Centros de salud en emergencia por corte del servicio de agua potable, demandan que se haga el pago a la Alcald\u00eda pace\u00f1a<\/strong>"},"content":{"rendered":"\n<p>El Gobierno Aut\u00f3nomo Municipal de La Paz adeuda la suma de Bs 159.295,70, por el servicio de agua potable en 45 centros de salud de la ciudad, por lo que EPSAS procedi\u00f3 al corte.<\/p>\n\n\n\n<p>Los trabajadores m\u00e9dicos, manifestaron su preocupaci\u00f3n por la suma que se incrementa d\u00eda a d\u00eda a ra\u00edz de los intereses por mora y le solicitaron al alcalde, Iv\u00e1n Arias, que reflexione y comprenda que la salud es primordial, mucho m\u00e1s importante que el embellecimiento de plazas y parques.<\/p>\n\n\n\n<p>Los centros de salud se encuentran en emergencia y demandan al burgomaestre pace\u00f1o el pago del servicio ya que se est\u00e1 poniendo en riesgo la salud de los miles de pacientes que acuden a los mismos.<\/p>\n\n\n\n<p><\/p>\n\n\n<div class=\"wp-block-image\">\n<figure class=\"aligncenter size-large\"><img loading=\"lazy\" decoding=\"async\" width=\"811\" height=\"1024\" src=\"https:\/\/elradar.info\/wp-content\/uploads\/2022\/06\/289831209_560486488971169_4068101820980848316_n-811x1024.jpg\" alt=\"\" class=\"wp-image-24336\" srcset=\"https:\/\/elradar.info\/wp-content\/uploads\/2022\/06\/289831209_560486488971169_4068101820980848316_n-811x1024.jpg 811w, https:\/\/elradar.info\/wp-content\/uploads\/2022\/06\/289831209_560486488971169_4068101820980848316_n-238x300.jpg 238w, https:\/\/elradar.info\/wp-content\/uploads\/2022\/06\/289831209_560486488971169_4068101820980848316_n-768x969.jpg 768w, https:\/\/elradar.info\/wp-content\/uploads\/2022\/06\/289831209_560486488971169_4068101820980848316_n-360x454.jpg 360w, https:\/\/elradar.info\/wp-content\/uploads\/2022\/06\/289831209_560486488971169_4068101820980848316_n.jpg 1114w\" sizes=\"auto, (max-width: 811px) 100vw, 811px\" \/><\/figure><\/div>\n\n\n<p><\/p>\n","protected":false},"excerpt":{"rendered":"<p>El Gobierno Aut\u00f3nomo Municipal de La Paz adeuda la suma de Bs 159.295,70, por el servicio de agua potable en 45 centros de salud de la ciudad, por lo que EPSAS procedi\u00f3 al corte. Los trabajadores m\u00e9dicos, manifestaron su preocupaci\u00f3n por la suma que se incrementa d\u00eda a d\u00eda a ra\u00edz de los intereses por mora y le solicitaron al alcalde, Iv\u00e1n Arias, que reflexione y comprenda que la salud es primordial, mucho m\u00e1s importante que el embellecimiento de plazas y parques. Los centros de salud se encuentran en emergencia y demandan al burgomaestre pace\u00f1o el pago del servicio ya<\/p>\n","protected":false},"author":2,"featured_media":24337,"comment_status":"closed","ping_status":"open","sticky":false,"template":"","format":"standard","meta":{"_seopress_robots_primary_cat":"none","_seopress_titles_title":"","_seopress_titles_desc":"","_seopress_robots_index":"","_jetpack_memberships_contains_paid_content":false,"footnotes":""},"categories":[103,201],"tags":[109,874,293,229],"class_list":["post-24333","post","type-post","status-publish","format-standard","has-post-thumbnail","hentry","category-nacional","category-salud","tag-bolivia","tag-emergencia","tag-la-paz","tag-salud"],"jetpack_featured_media_url":"https:\/\/elradar.info\/wp-content\/uploads\/2022\/06\/1AL-5-scaled-1.jpg","jetpack_sharing_enabled":true,"amp_enabled":true,"_links":{"self":[{"href":"https:\/\/elradar.info\/index.php?rest_route=\/wp\/v2\/posts\/24333","targetHints":{"allow":["GET"]}}],"collection":[{"href":"https:\/\/elradar.info\/index.php?rest_route=\/wp\/v2\/posts"}],"about":[{"href":"https:\/\/elradar.info\/index.php?rest_route=\/wp\/v2\/types\/post"}],"author":[{"embeddable":true,"href":"https:\/\/elradar.info\/index.php?rest_route=\/wp\/v2\/users\/2"}],"replies":[{"embeddable":true,"href":"https:\/\/elradar.info\/index.php?rest_route=%2Fwp%2Fv2%2Fcomments&post=24333"}],"version-history":[{"count":2,"href":"https:\/\/elradar.info\/index.php?rest_route=\/wp\/v2\/posts\/24333\/revisions"}],"predecessor-version":[{"id":24369,"href":"https:\/\/elradar.info\/index.php?rest_route=\/wp\/v2\/posts\/24333\/revisions\/24369"}],"wp:featuredmedia":[{"embeddable":true,"href":"https:\/\/elradar.info\/index.php?rest_route=\/wp\/v2\/media\/24337"}],"wp:attachment":[{"href":"https:\/\/elradar.info\/index.php?rest_route=%2Fwp%2Fv2%2Fmedia&parent=24333"}],"wp:term":[{"taxonomy":"category","embeddable":true,"href":"https:\/\/elradar.info\/index.php?rest_route=%2Fwp%2Fv2%2Fcategories&post=24333"},{"taxonomy":"post_tag","embeddable":true,"href":"https:\/\/elradar.info\/index.php?rest_route=%2Fwp%2Fv2%2Ftags&post=24333"}],"curies":[{"name":"wp","href":"https:\/\/api.w.org\/{rel}","templated":true}]}}