{"id":24363,"date":"2022-06-23T15:53:40","date_gmt":"2022-06-23T19:53:40","guid":{"rendered":"http:\/\/elradar.info\/?p=24363"},"modified":"2024-02-01T12:18:02","modified_gmt":"2024-02-01T16:18:02","slug":"feminicida-de-maria-moreno-ya-habia-sido-condenado-por-asesinar-a-su-anterior-pareja-actualizacion","status":"publish","type":"post","link":"https:\/\/elradar.info\/?p=24363","title":{"rendered":"<strong>Feminicida de Mar\u00eda Moreno ya hab\u00eda sido condenado por asesinar a su anterior pareja (actualizaci\u00f3n)<\/strong>"},"content":{"rendered":"\n<p>Surge m\u00e1s informaci\u00f3n sobre el macabro asesinato de Mar\u00eda Moreno Gonz\u00e1les, sucedido en la ciudad de Santa Cruz. Su presunto asesino, Arturo Ayll\u00f3n C\u00e9spedes, de 27 a\u00f1os, habr\u00eda estado preso por matar a su expareja de 17 a\u00f1os.<\/p>\n\n\n\n<p>Luego de que personal de la FELCV ingresara al departamento de Ayll\u00f3n, ubicado en el segundo piso, y encontrara el cuerpo de la v\u00edctima sobre la cama del dormitorio principal, se recolectaron dos armas blancas (cuchillos de cocina) y se hall\u00f3 al principal sospechoso escondido en el ba\u00f1o.<\/p>\n\n\n\n<p>Iniciando la investigaci\u00f3n sali\u00f3 a la luz que el presunto culpable tendr\u00eda antecedentes por el delito de asesinato cometido el a\u00f1o 2012, por haber acabado con la vida de su pareja de entonces, quien ten\u00eda 17 a\u00f1os. La opini\u00f3n p\u00fablica reaccion\u00f3 con indignaci\u00f3n al ver que, por este crimen, Ayll\u00f3n fue condenado a solo seis a\u00f1os de prisi\u00f3n, los mismos que pas\u00f3 recluido en el penal de Palmasola, siendo liberado en agosto de 2018.<\/p>\n\n\n\n<p>Con este \u00faltimo caso, son 13 los feminicidios que se registran en Santa Cruz en lo que va del 2022.<\/p>\n","protected":false},"excerpt":{"rendered":"<p>Surge m\u00e1s informaci\u00f3n sobre el macabro asesinato de Mar\u00eda Moreno Gonz\u00e1les, sucedido en la ciudad de Santa Cruz. Su presunto asesino, Arturo Ayll\u00f3n C\u00e9spedes, de 27 a\u00f1os, habr\u00eda estado preso por matar a su expareja de 17 a\u00f1os. Luego de que personal de la FELCV ingresara al departamento de Ayll\u00f3n, ubicado en el segundo piso, y encontrara el cuerpo de la v\u00edctima sobre la cama del dormitorio principal, se recolectaron dos armas blancas (cuchillos de cocina) y se hall\u00f3 al principal sospechoso escondido en el ba\u00f1o. Iniciando la investigaci\u00f3n sali\u00f3 a la luz que el presunto culpable tendr\u00eda antecedentes por<\/p>\n","protected":false},"author":2,"featured_media":24366,"comment_status":"closed","ping_status":"open","sticky":false,"template":"","format":"standard","meta":{"_seopress_robots_primary_cat":"none","_seopress_titles_title":"","_seopress_titles_desc":"","_seopress_robots_index":"","_jetpack_memberships_contains_paid_content":false,"footnotes":""},"categories":[103],"tags":[2651,109,619,268,2626,167],"class_list":["post-24363","post","type-post","status-publish","format-standard","has-post-thumbnail","hentry","category-nacional","tag-arturo-ayllon-cespedes","tag-bolivia","tag-felcv","tag-feminicidio","tag-maria-moreno-gonzales","tag-santa-cruz"],"jetpack_featured_media_url":"https:\/\/elradar.info\/wp-content\/uploads\/2022\/06\/Captura-de-pantalla-309.png","jetpack_sharing_enabled":true,"amp_enabled":true,"_links":{"self":[{"href":"https:\/\/elradar.info\/index.php?rest_route=\/wp\/v2\/posts\/24363","targetHints":{"allow":["GET"]}}],"collection":[{"href":"https:\/\/elradar.info\/index.php?rest_route=\/wp\/v2\/posts"}],"about":[{"href":"https:\/\/elradar.info\/index.php?rest_route=\/wp\/v2\/types\/post"}],"author":[{"embeddable":true,"href":"https:\/\/elradar.info\/index.php?rest_route=\/wp\/v2\/users\/2"}],"replies":[{"embeddable":true,"href":"https:\/\/elradar.info\/index.php?rest_route=%2Fwp%2Fv2%2Fcomments&post=24363"}],"version-history":[{"count":1,"href":"https:\/\/elradar.info\/index.php?rest_route=\/wp\/v2\/posts\/24363\/revisions"}],"predecessor-version":[{"id":24367,"href":"https:\/\/elradar.info\/index.php?rest_route=\/wp\/v2\/posts\/24363\/revisions\/24367"}],"wp:featuredmedia":[{"embeddable":true,"href":"https:\/\/elradar.info\/index.php?rest_route=\/wp\/v2\/media\/24366"}],"wp:attachment":[{"href":"https:\/\/elradar.info\/index.php?rest_route=%2Fwp%2Fv2%2Fmedia&parent=24363"}],"wp:term":[{"taxonomy":"category","embeddable":true,"href":"https:\/\/elradar.info\/index.php?rest_route=%2Fwp%2Fv2%2Fcategories&post=24363"},{"taxonomy":"post_tag","embeddable":true,"href":"https:\/\/elradar.info\/index.php?rest_route=%2Fwp%2Fv2%2Ftags&post=24363"}],"curies":[{"name":"wp","href":"https:\/\/api.w.org\/{rel}","templated":true}]}}