{"id":24412,"date":"2022-06-24T13:59:23","date_gmt":"2022-06-24T17:59:23","guid":{"rendered":"http:\/\/elradar.info\/?p=24412"},"modified":"2024-02-01T12:18:02","modified_gmt":"2024-02-01T16:18:02","slug":"la-feria-del-libro-2022-se-llevara-a-cabo-entre-el-3-y-el-14-de-agosto","status":"publish","type":"post","link":"https:\/\/elradar.info\/?p=24412","title":{"rendered":"<strong>La Feria del Libro 2022 se llevar\u00e1 a cabo entre el 3 y el 14 de agosto<\/strong>"},"content":{"rendered":"\n<p>Con la presencia de la ministra de Cultura, Sabina Orellana, la viceministra de Comunicaci\u00f3n, Gabriela Alc\u00f3n, y la gerente de la Editorial del Estado, Estela Machicado, se present\u00f3 el afiche de la Feria Internacional del Libro de La Paz (FIL) 2022, en predios del Centro Cultural de Espa\u00f1a.<\/p>\n\n\n\n<p>El presidente del directorio de la C\u00e1mara Departamental del Libro de La Paz, David P\u00e9rez Hidalgo, en la ocasi\u00f3n inform\u00f3 que las mujeres ser\u00e1n las protagonistas&nbsp; de esta versi\u00f3n, pues las escritoras representan el 70% de las personalidades invitadas.&nbsp;<\/p>\n\n\n\n<p>La presentaci\u00f3n del afiche, y por lo tanto de la Feria, fue amenizada por la Banda Municipal Eduardo Caba y un grupo de bailarinas de pollera, quienes interpretaron m\u00fasica nacional.<\/p>\n\n\n\n<p>Seg\u00fan inform\u00f3 P\u00e9rez, el evento literario se realizar\u00e1 entre el 3 y el 14 de agosto en el campo Ferial Chuquiago Marka de Bajo Seg\u00fcencoma, y contar\u00e1 con m\u00e1s de 400 eventos entre presenciales y virtuales.&nbsp;<\/p>\n\n\n\n<p>Se espera que el programa est\u00e9 listo el pr\u00f3ximo mes.<\/p>\n\n\n<div class=\"wp-block-image\">\n<figure class=\"aligncenter size-full\"><img loading=\"lazy\" decoding=\"async\" width=\"526\" height=\"777\" src=\"https:\/\/elradar.info\/wp-content\/uploads\/2022\/06\/289238578_5215270345174670_1358424666450581796_n.jpg\" alt=\"\" class=\"wp-image-24415\" srcset=\"https:\/\/elradar.info\/wp-content\/uploads\/2022\/06\/289238578_5215270345174670_1358424666450581796_n.jpg 526w, https:\/\/elradar.info\/wp-content\/uploads\/2022\/06\/289238578_5215270345174670_1358424666450581796_n-203x300.jpg 203w, https:\/\/elradar.info\/wp-content\/uploads\/2022\/06\/289238578_5215270345174670_1358424666450581796_n-360x532.jpg 360w\" sizes=\"auto, (max-width: 526px) 100vw, 526px\" \/><\/figure><\/div>","protected":false},"excerpt":{"rendered":"<p>Con la presencia de la ministra de Cultura, Sabina Orellana, la viceministra de Comunicaci\u00f3n, Gabriela Alc\u00f3n, y la gerente de la Editorial del Estado, Estela Machicado, se present\u00f3 el afiche de la Feria Internacional del Libro de La Paz (FIL) 2022, en predios del Centro Cultural de Espa\u00f1a. El presidente del directorio de la C\u00e1mara Departamental del Libro de La Paz, David P\u00e9rez Hidalgo, en la ocasi\u00f3n inform\u00f3 que las mujeres ser\u00e1n las protagonistas&nbsp; de esta versi\u00f3n, pues las escritoras representan el 70% de las personalidades invitadas.&nbsp; La presentaci\u00f3n del afiche, y por lo tanto de la Feria, fue amenizada<\/p>\n","protected":false},"author":2,"featured_media":24416,"comment_status":"closed","ping_status":"open","sticky":false,"template":"","format":"standard","meta":{"_seopress_robots_primary_cat":"none","_seopress_titles_title":"","_seopress_titles_desc":"","_seopress_robots_index":"","_jetpack_memberships_contains_paid_content":false,"footnotes":""},"categories":[127,103],"tags":[109,2668,2665,2667,2666],"class_list":["post-24412","post","type-post","status-publish","format-standard","has-post-thumbnail","hentry","category-cultura","category-nacional","tag-bolivia","tag-campo-ferial-chuquiago-marka","tag-feria-del-libro-2022","tag-ministerio-de-cultura","tag-sabina-orellana"],"jetpack_featured_media_url":"https:\/\/elradar.info\/wp-content\/uploads\/2022\/06\/536125.jpg","jetpack_sharing_enabled":true,"amp_enabled":true,"_links":{"self":[{"href":"https:\/\/elradar.info\/index.php?rest_route=\/wp\/v2\/posts\/24412","targetHints":{"allow":["GET"]}}],"collection":[{"href":"https:\/\/elradar.info\/index.php?rest_route=\/wp\/v2\/posts"}],"about":[{"href":"https:\/\/elradar.info\/index.php?rest_route=\/wp\/v2\/types\/post"}],"author":[{"embeddable":true,"href":"https:\/\/elradar.info\/index.php?rest_route=\/wp\/v2\/users\/2"}],"replies":[{"embeddable":true,"href":"https:\/\/elradar.info\/index.php?rest_route=%2Fwp%2Fv2%2Fcomments&post=24412"}],"version-history":[{"count":1,"href":"https:\/\/elradar.info\/index.php?rest_route=\/wp\/v2\/posts\/24412\/revisions"}],"predecessor-version":[{"id":24417,"href":"https:\/\/elradar.info\/index.php?rest_route=\/wp\/v2\/posts\/24412\/revisions\/24417"}],"wp:featuredmedia":[{"embeddable":true,"href":"https:\/\/elradar.info\/index.php?rest_route=\/wp\/v2\/media\/24416"}],"wp:attachment":[{"href":"https:\/\/elradar.info\/index.php?rest_route=%2Fwp%2Fv2%2Fmedia&parent=24412"}],"wp:term":[{"taxonomy":"category","embeddable":true,"href":"https:\/\/elradar.info\/index.php?rest_route=%2Fwp%2Fv2%2Fcategories&post=24412"},{"taxonomy":"post_tag","embeddable":true,"href":"https:\/\/elradar.info\/index.php?rest_route=%2Fwp%2Fv2%2Ftags&post=24412"}],"curies":[{"name":"wp","href":"https:\/\/api.w.org\/{rel}","templated":true}]}}