{"id":24425,"date":"2022-06-24T14:31:05","date_gmt":"2022-06-24T18:31:05","guid":{"rendered":"http:\/\/elradar.info\/?p=24425"},"modified":"2024-02-01T12:18:02","modified_gmt":"2024-02-01T16:18:02","slug":"medio-centenar-de-menores-intoxicados-en-la-pampa-de-la-isla-sospechan-de-desayuno-escolar","status":"publish","type":"post","link":"https:\/\/elradar.info\/?p=24425","title":{"rendered":"<strong>Medio centenar de menores intoxicados en la Pampa de la Isla, sospechan de desayuno escolar<\/strong>"},"content":{"rendered":"\n<p>M\u00e1s de 50 estudiantes fueron trasladados hasta el hospital de la Pampa de la Isla, en Santa Cruz de la Sierra, presentando s\u00edntomas de mareos, v\u00f3mitos y dolores de est\u00f3mago. Los padres de familia sospechan del desayuno escolar.<\/p>\n\n\n\n<p>Los familiares de los estudiantes se dirigieron a los centros m\u00e9dicos para que sus hijos sean atendidos. En algunos casos, debieron salir de sus puestos de trabajo para auxiliar a los menores.<\/p>\n\n\n\n<p>Personal de la Alcald\u00eda y de la Fuerza Especial de Lucha Contra el Crimen&nbsp; tambi\u00e9n se acercaron al hospital para indagar informaci\u00f3n sobre el hecho.<\/p>\n","protected":false},"excerpt":{"rendered":"<p>M\u00e1s de 50 estudiantes fueron trasladados hasta el hospital de la Pampa de la Isla, en Santa Cruz de la Sierra, presentando s\u00edntomas de mareos, v\u00f3mitos y dolores de est\u00f3mago. Los padres de familia sospechan del desayuno escolar. Los familiares de los estudiantes se dirigieron a los centros m\u00e9dicos para que sus hijos sean atendidos. En algunos casos, debieron salir de sus puestos de trabajo para auxiliar a los menores. Personal de la Alcald\u00eda y de la Fuerza Especial de Lucha Contra el Crimen&nbsp; tambi\u00e9n se acercaron al hospital para indagar informaci\u00f3n sobre el hecho.<\/p>\n","protected":false},"author":2,"featured_media":24428,"comment_status":"closed","ping_status":"open","sticky":false,"template":"","format":"standard","meta":{"_seopress_robots_primary_cat":"none","_seopress_titles_title":"","_seopress_titles_desc":"","_seopress_robots_index":"","_jetpack_memberships_contains_paid_content":false,"footnotes":""},"categories":[103],"tags":[109,2674,2673,1371,167],"class_list":["post-24425","post","type-post","status-publish","format-standard","has-post-thumbnail","hentry","category-nacional","tag-bolivia","tag-desayuno-escolar","tag-ninos-intoxicados","tag-pampa-de-la-isla","tag-santa-cruz"],"jetpack_featured_media_url":"https:\/\/elradar.info\/wp-content\/uploads\/2022\/06\/290362416_585613366257312_8896986951526275035_n.jpg","jetpack_sharing_enabled":true,"amp_enabled":true,"_links":{"self":[{"href":"https:\/\/elradar.info\/index.php?rest_route=\/wp\/v2\/posts\/24425","targetHints":{"allow":["GET"]}}],"collection":[{"href":"https:\/\/elradar.info\/index.php?rest_route=\/wp\/v2\/posts"}],"about":[{"href":"https:\/\/elradar.info\/index.php?rest_route=\/wp\/v2\/types\/post"}],"author":[{"embeddable":true,"href":"https:\/\/elradar.info\/index.php?rest_route=\/wp\/v2\/users\/2"}],"replies":[{"embeddable":true,"href":"https:\/\/elradar.info\/index.php?rest_route=%2Fwp%2Fv2%2Fcomments&post=24425"}],"version-history":[{"count":1,"href":"https:\/\/elradar.info\/index.php?rest_route=\/wp\/v2\/posts\/24425\/revisions"}],"predecessor-version":[{"id":24429,"href":"https:\/\/elradar.info\/index.php?rest_route=\/wp\/v2\/posts\/24425\/revisions\/24429"}],"wp:featuredmedia":[{"embeddable":true,"href":"https:\/\/elradar.info\/index.php?rest_route=\/wp\/v2\/media\/24428"}],"wp:attachment":[{"href":"https:\/\/elradar.info\/index.php?rest_route=%2Fwp%2Fv2%2Fmedia&parent=24425"}],"wp:term":[{"taxonomy":"category","embeddable":true,"href":"https:\/\/elradar.info\/index.php?rest_route=%2Fwp%2Fv2%2Fcategories&post=24425"},{"taxonomy":"post_tag","embeddable":true,"href":"https:\/\/elradar.info\/index.php?rest_route=%2Fwp%2Fv2%2Ftags&post=24425"}],"curies":[{"name":"wp","href":"https:\/\/api.w.org\/{rel}","templated":true}]}}