{"id":24497,"date":"2022-06-27T14:54:10","date_gmt":"2022-06-27T18:54:10","guid":{"rendered":"http:\/\/elradar.info\/?p=24497"},"modified":"2024-02-01T12:18:01","modified_gmt":"2024-02-01T16:18:01","slug":"puente-libertad-no-se-utiliza-hace-tres-anos-y-ahora-se-usa-como-estacionamiento","status":"publish","type":"post","link":"https:\/\/elradar.info\/?p=24497","title":{"rendered":"<strong>Puente Libertad no se utiliza hace tres a\u00f1os y ahora se usa como estacionamiento<\/strong>"},"content":{"rendered":"\n<p>El viceministro de Defensa del Consumidor y exconcejal de La Paz, Jorge Silva, se refiri\u00f3 al perjuicio que tiene la funci\u00f3n de los Puentes Trillizos por la demora de la alcald\u00eda en terminar los trabajos de consolidaci\u00f3n en la zona Inmaculada Concepci\u00f3n afectada por un megadeslizamiento en 2019.<\/p>\n\n\n\n<p><em>\u201cEstos Puentes Trillizos han sido construidos sin la planificaci\u00f3n necesaria, toda vez de que, por ejemplo, en el caso del puente Libertad, de acuerdo al informe que recibimos por la Alcald\u00eda, (conectaba) a una zona no autorizada para la construcci\u00f3n, (las viviendas derrumbadas) no ten\u00edan las planimetr\u00edas aprobadas ni los planos de construcci\u00f3n autorizados; entonces, en raz\u00f3n a qu\u00e9 factores t\u00e9cnicos se construyeron los puentes, en especial el puente Libertad\u201d<\/em>, cuestion\u00f3 Silva.<\/p>\n\n\n\n<p>Actualmente, el puente Libertad no cumple la funci\u00f3n de conectar las zonas de San Jorge con Llojeta Bajo, para lo que fue construido, y es utilizado por las personas del lugar como un estacionamiento, siendo que la alcald\u00eda a\u00fan no tiene a\u00fan una fecha para su rehabilitaci\u00f3n.<\/p>\n\n\n\n<p>Por otro lado, los vecinos cercanos a la zona del deslizamiento denuncian la lentitud de la alcald\u00eda en consolidar el terreno, pues se encuentran en constante zozobra temiendo que otro desastre pueda suceder.&nbsp;<\/p>\n","protected":false},"excerpt":{"rendered":"<p>El viceministro de Defensa del Consumidor y exconcejal de La Paz, Jorge Silva, se refiri\u00f3 al perjuicio que tiene la funci\u00f3n de los Puentes Trillizos por la demora de la alcald\u00eda en terminar los trabajos de consolidaci\u00f3n en la zona Inmaculada Concepci\u00f3n afectada por un megadeslizamiento en 2019. \u201cEstos Puentes Trillizos han sido construidos sin la planificaci\u00f3n necesaria, toda vez de que, por ejemplo, en el caso del puente Libertad, de acuerdo al informe que recibimos por la Alcald\u00eda, (conectaba) a una zona no autorizada para la construcci\u00f3n, (las viviendas derrumbadas) no ten\u00edan las planimetr\u00edas aprobadas ni los planos de<\/p>\n","protected":false},"author":2,"featured_media":24500,"comment_status":"closed","ping_status":"open","sticky":false,"template":"","format":"standard","meta":{"_seopress_robots_primary_cat":"none","_seopress_titles_title":"","_seopress_titles_desc":"","_seopress_robots_index":"","_jetpack_memberships_contains_paid_content":false,"footnotes":""},"categories":[103],"tags":[109,1032,2702,2699,2700,2701],"class_list":["post-24497","post","type-post","status-publish","format-standard","has-post-thumbnail","hentry","category-nacional","tag-bolivia","tag-jorge-silva","tag-megadeslizamiento-2019","tag-puente-libertad","tag-puentes-trillizos","tag-zona-inmaculada-concepcion-afectada"],"jetpack_featured_media_url":"https:\/\/elradar.info\/wp-content\/uploads\/2022\/06\/00-1.jpg","jetpack_sharing_enabled":true,"amp_enabled":true,"_links":{"self":[{"href":"https:\/\/elradar.info\/index.php?rest_route=\/wp\/v2\/posts\/24497","targetHints":{"allow":["GET"]}}],"collection":[{"href":"https:\/\/elradar.info\/index.php?rest_route=\/wp\/v2\/posts"}],"about":[{"href":"https:\/\/elradar.info\/index.php?rest_route=\/wp\/v2\/types\/post"}],"author":[{"embeddable":true,"href":"https:\/\/elradar.info\/index.php?rest_route=\/wp\/v2\/users\/2"}],"replies":[{"embeddable":true,"href":"https:\/\/elradar.info\/index.php?rest_route=%2Fwp%2Fv2%2Fcomments&post=24497"}],"version-history":[{"count":1,"href":"https:\/\/elradar.info\/index.php?rest_route=\/wp\/v2\/posts\/24497\/revisions"}],"predecessor-version":[{"id":24501,"href":"https:\/\/elradar.info\/index.php?rest_route=\/wp\/v2\/posts\/24497\/revisions\/24501"}],"wp:featuredmedia":[{"embeddable":true,"href":"https:\/\/elradar.info\/index.php?rest_route=\/wp\/v2\/media\/24500"}],"wp:attachment":[{"href":"https:\/\/elradar.info\/index.php?rest_route=%2Fwp%2Fv2%2Fmedia&parent=24497"}],"wp:term":[{"taxonomy":"category","embeddable":true,"href":"https:\/\/elradar.info\/index.php?rest_route=%2Fwp%2Fv2%2Fcategories&post=24497"},{"taxonomy":"post_tag","embeddable":true,"href":"https:\/\/elradar.info\/index.php?rest_route=%2Fwp%2Fv2%2Ftags&post=24497"}],"curies":[{"name":"wp","href":"https:\/\/api.w.org\/{rel}","templated":true}]}}