{"id":24509,"date":"2022-06-27T15:43:26","date_gmt":"2022-06-27T19:43:26","guid":{"rendered":"http:\/\/elradar.info\/?p=24509"},"modified":"2024-02-01T12:18:01","modified_gmt":"2024-02-01T16:18:01","slug":"el-gobierno-nacional-realiza-millonarias-inversiones-para-la-integracion-de-sudamerica","status":"publish","type":"post","link":"https:\/\/elradar.info\/?p=24509","title":{"rendered":"<strong>El Gobierno nacional realiza millonarias inversiones para la integraci\u00f3n de Sudam\u00e9rica<\/strong>"},"content":{"rendered":"\n<p>El presidente, Luis Arce, anunci\u00f3 una inversi\u00f3n de m\u00e1s de Bs 3.200 millones hasta 2025 para la construcci\u00f3n del Corredor Ferroviario Bioce\u00e1nico de Integraci\u00f3n que unir\u00e1 los oc\u00e9anos Pac\u00edfico y Atl\u00e1ntico para la exportaci\u00f3n de mercader\u00edas.<\/p>\n\n\n\n<p>Bolivia es el coraz\u00f3n de la regi\u00f3n y ofrece todas las condiciones log\u00edsticas, camineras y ferroviarias para la salida de mercader\u00edas a trav\u00e9s de pa\u00edses vecinos y de la hidrov\u00eda.<\/p>\n\n\n\n<p>Bolivia est\u00e1 a punto de concluir la red ferroviaria oriental desde Montero hasta Bulo Bulo. Asimismo, con una inversi\u00f3n de Bs 18 millones ya se licit\u00f3 el estudio para construcci\u00f3n de la v\u00eda f\u00e9rrea Bulo Bulo-Ivirgarzama-Villa Tunari. Despu\u00e9s se licitar\u00e1 Villa Tunari-Capinota y se entroncar\u00e1 con la red occidental de ferrov\u00eda.<\/p>\n","protected":false},"excerpt":{"rendered":"<p>El presidente, Luis Arce, anunci\u00f3 una inversi\u00f3n de m\u00e1s de Bs 3.200 millones hasta 2025 para la construcci\u00f3n del Corredor Ferroviario Bioce\u00e1nico de Integraci\u00f3n que unir\u00e1 los oc\u00e9anos Pac\u00edfico y Atl\u00e1ntico para la exportaci\u00f3n de mercader\u00edas. Bolivia es el coraz\u00f3n de la regi\u00f3n y ofrece todas las condiciones log\u00edsticas, camineras y ferroviarias para la salida de mercader\u00edas a trav\u00e9s de pa\u00edses vecinos y de la hidrov\u00eda. Bolivia est\u00e1 a punto de concluir la red ferroviaria oriental desde Montero hasta Bulo Bulo. Asimismo, con una inversi\u00f3n de Bs 18 millones ya se licit\u00f3 el estudio para construcci\u00f3n de la v\u00eda f\u00e9rrea<\/p>\n","protected":false},"author":2,"featured_media":24513,"comment_status":"closed","ping_status":"open","sticky":false,"template":"","format":"standard","meta":{"_seopress_robots_primary_cat":"none","_seopress_titles_title":"","_seopress_titles_desc":"","_seopress_robots_index":"","_jetpack_memberships_contains_paid_content":false,"footnotes":""},"categories":[103],"tags":[109,2704,708],"class_list":["post-24509","post","type-post","status-publish","format-standard","has-post-thumbnail","hentry","category-nacional","tag-bolivia","tag-corredor-ferroviario-bioceanico-de-integracion","tag-gobierno-nacional"],"jetpack_featured_media_url":"https:\/\/elradar.info\/wp-content\/uploads\/2022\/06\/798.jpg","jetpack_sharing_enabled":true,"amp_enabled":true,"_links":{"self":[{"href":"https:\/\/elradar.info\/index.php?rest_route=\/wp\/v2\/posts\/24509","targetHints":{"allow":["GET"]}}],"collection":[{"href":"https:\/\/elradar.info\/index.php?rest_route=\/wp\/v2\/posts"}],"about":[{"href":"https:\/\/elradar.info\/index.php?rest_route=\/wp\/v2\/types\/post"}],"author":[{"embeddable":true,"href":"https:\/\/elradar.info\/index.php?rest_route=\/wp\/v2\/users\/2"}],"replies":[{"embeddable":true,"href":"https:\/\/elradar.info\/index.php?rest_route=%2Fwp%2Fv2%2Fcomments&post=24509"}],"version-history":[{"count":1,"href":"https:\/\/elradar.info\/index.php?rest_route=\/wp\/v2\/posts\/24509\/revisions"}],"predecessor-version":[{"id":24514,"href":"https:\/\/elradar.info\/index.php?rest_route=\/wp\/v2\/posts\/24509\/revisions\/24514"}],"wp:featuredmedia":[{"embeddable":true,"href":"https:\/\/elradar.info\/index.php?rest_route=\/wp\/v2\/media\/24513"}],"wp:attachment":[{"href":"https:\/\/elradar.info\/index.php?rest_route=%2Fwp%2Fv2%2Fmedia&parent=24509"}],"wp:term":[{"taxonomy":"category","embeddable":true,"href":"https:\/\/elradar.info\/index.php?rest_route=%2Fwp%2Fv2%2Fcategories&post=24509"},{"taxonomy":"post_tag","embeddable":true,"href":"https:\/\/elradar.info\/index.php?rest_route=%2Fwp%2Fv2%2Ftags&post=24509"}],"curies":[{"name":"wp","href":"https:\/\/api.w.org\/{rel}","templated":true}]}}