{"id":24556,"date":"2022-06-28T14:27:28","date_gmt":"2022-06-28T18:27:28","guid":{"rendered":"http:\/\/elradar.info\/?p=24556"},"modified":"2024-02-01T12:18:00","modified_gmt":"2024-02-01T16:18:00","slug":"adolescente-violada-por-su-tio-es-entregada-por-su-padrastro-para-que-conviva-con-un-hombre-de-37-anos","status":"publish","type":"post","link":"https:\/\/elradar.info\/?p=24556","title":{"rendered":"<strong>Adolescente violada por su t\u00edo es entregada por su padrastro para que conviva con un hombre de 37 a\u00f1os<\/strong>"},"content":{"rendered":"\n<p>La polic\u00eda de Montero inform\u00f3 de un nuevo caso de abuso sexual sucedido en esa poblaci\u00f3n. Se trata de una adolescente de 15 a\u00f1os quien, en primera instancia, habr\u00eda sido abusada por su t\u00edo.<\/p>\n\n\n\n<p>La familia de bajos recursos estaba conformada por diez hijos, de los cuales el padrastro se hac\u00eda cargo desde la muerte de la madre, acaecida hace dos a\u00f1os. La situaci\u00f3n de los hijos era precaria, por las necesidades econ\u00f3micas, la falta de documentaci\u00f3n y el abandono general en el que se encontraban. En ese contexto, una vecina de la zona present\u00f3 una denuncia de abuso sexual contra el t\u00edo de la menor, quien habr\u00eda estado cometiendo los abusos desde que ella ten\u00eda siete a\u00f1os. Luego de la denuncia, el t\u00edo, Saturnino E.S. de 40 a\u00f1os, se dio a la fuga.<\/p>\n\n\n\n<p>M\u00e1s adelante, seg\u00fan inform\u00f3 la polic\u00eda, la misma vecina habr\u00eda denunciado que la menor hab\u00eda desaparecido de la casa, por lo cual se pregunt\u00f3 a los hermanos, quienes declararon que la misma se hallaba viviendo con un hombre, esto con consentimiento del padrastro.<\/p>\n\n\n\n<p>Iniciada la investigaci\u00f3n, la polic\u00eda logr\u00f3 dar con el t\u00edo y aprehender al hombre de 37 a\u00f1os que conviv\u00eda con la menor, en un claro caso de estupro. Adicionalmente, se aprehendi\u00f3 a padrastro, quien habr\u00eda permitido todos los abusos. La jueza del caso determin\u00f3 prisi\u00f3n preventiva de 180 d\u00edas para los acusados.<\/p>\n\n\n\n<p>La Defensor\u00eda rescat\u00f3 a los otros hermanos, quienes viv\u00edan en \u201csituaci\u00f3n de riesgo y abandono\u201d.<\/p>\n","protected":false},"excerpt":{"rendered":"<p>La polic\u00eda de Montero inform\u00f3 de un nuevo caso de abuso sexual sucedido en esa poblaci\u00f3n. Se trata de una adolescente de 15 a\u00f1os quien, en primera instancia, habr\u00eda sido abusada por su t\u00edo. La familia de bajos recursos estaba conformada por diez hijos, de los cuales el padrastro se hac\u00eda cargo desde la muerte de la madre, acaecida hace dos a\u00f1os. La situaci\u00f3n de los hijos era precaria, por las necesidades econ\u00f3micas, la falta de documentaci\u00f3n y el abandono general en el que se encontraban. En ese contexto, una vecina de la zona present\u00f3 una denuncia de abuso sexual<\/p>\n","protected":false},"author":2,"featured_media":24559,"comment_status":"closed","ping_status":"open","sticky":false,"template":"","format":"standard","meta":{"_seopress_robots_primary_cat":"none","_seopress_titles_title":"","_seopress_titles_desc":"","_seopress_robots_index":"","_jetpack_memberships_contains_paid_content":false,"footnotes":""},"categories":[103],"tags":[2713,109,2715,2163,167,118],"class_list":["post-24556","post","type-post","status-publish","format-standard","has-post-thumbnail","hentry","category-nacional","tag-adolescente-violada","tag-bolivia","tag-estupro","tag-montero","tag-santa-cruz","tag-violacion"],"jetpack_featured_media_url":"https:\/\/elradar.info\/wp-content\/uploads\/2022\/06\/nina-abusada-por-sus-companeros.jpg","jetpack_sharing_enabled":true,"amp_enabled":true,"_links":{"self":[{"href":"https:\/\/elradar.info\/index.php?rest_route=\/wp\/v2\/posts\/24556","targetHints":{"allow":["GET"]}}],"collection":[{"href":"https:\/\/elradar.info\/index.php?rest_route=\/wp\/v2\/posts"}],"about":[{"href":"https:\/\/elradar.info\/index.php?rest_route=\/wp\/v2\/types\/post"}],"author":[{"embeddable":true,"href":"https:\/\/elradar.info\/index.php?rest_route=\/wp\/v2\/users\/2"}],"replies":[{"embeddable":true,"href":"https:\/\/elradar.info\/index.php?rest_route=%2Fwp%2Fv2%2Fcomments&post=24556"}],"version-history":[{"count":1,"href":"https:\/\/elradar.info\/index.php?rest_route=\/wp\/v2\/posts\/24556\/revisions"}],"predecessor-version":[{"id":24560,"href":"https:\/\/elradar.info\/index.php?rest_route=\/wp\/v2\/posts\/24556\/revisions\/24560"}],"wp:featuredmedia":[{"embeddable":true,"href":"https:\/\/elradar.info\/index.php?rest_route=\/wp\/v2\/media\/24559"}],"wp:attachment":[{"href":"https:\/\/elradar.info\/index.php?rest_route=%2Fwp%2Fv2%2Fmedia&parent=24556"}],"wp:term":[{"taxonomy":"category","embeddable":true,"href":"https:\/\/elradar.info\/index.php?rest_route=%2Fwp%2Fv2%2Fcategories&post=24556"},{"taxonomy":"post_tag","embeddable":true,"href":"https:\/\/elradar.info\/index.php?rest_route=%2Fwp%2Fv2%2Ftags&post=24556"}],"curies":[{"name":"wp","href":"https:\/\/api.w.org\/{rel}","templated":true}]}}