{"id":24606,"date":"2022-06-29T12:38:07","date_gmt":"2022-06-29T16:38:07","guid":{"rendered":"http:\/\/elradar.info\/?p=24606"},"modified":"2024-02-01T12:18:00","modified_gmt":"2024-02-01T16:18:00","slug":"caso-golpe-de-estado-i-amplian-denuncia-contra-dos-expresidentes-un-gobernador-y-otros-politicos","status":"publish","type":"post","link":"https:\/\/elradar.info\/?p=24606","title":{"rendered":"<strong>Caso Golpe de Estado I: Ampl\u00edan denuncia contra dos expresidentes, un gobernador y otros pol\u00edticos<\/strong>"},"content":{"rendered":"\n<p>Este martes se present\u00f3 ante la Fiscal\u00eda un memorial de denuncia ampliatoria en contra de Carlos Mesa, Jorge Quiroga, Luis Fernando Camacho, Waldo Albarrac\u00edn, Israel Alanoca y Samuel Doria Medina en el caso Golpe de Estado I.<\/p>\n\n\n\n<p>El Comit\u00e9 Impulsor del juicio a Jeanine \u00c1\u00f1ez, present\u00f3 la denuncia ampliatoria ante la Fiscal\u00eda General del Estado para incluir en el proceso \u201cGolpe de Estado I\u201d a todos los pol\u00edticos que participaron en la reuni\u00f3n que se llev\u00f3 adelante en la Universidad Cat\u00f3lica Boliviana (UCB).<\/p>\n\n\n\n<p>Los pol\u00edticos deben responder ante la justicia por haber sido parte de los conflictos en el 2019, dar \u00f3rdenes a los militares durante esos d\u00edas y sobre su grado de participaci\u00f3n en las masacres de Sacaba y Senkata.<\/p>\n\n\n\n<p>Tambi\u00e9n piden que se ordene la aprehensi\u00f3n de todos ellos conforme manifiesta al art\u00edculo 226 del C\u00f3digo de Procedimiento Penal y la misma sea emitida con facultades de allanamiento y habilitaci\u00f3n de horas extraordinarias para que puedan comparecer ante su autoridad. Asimismo, deben realizar la alerta migratoria para evitar que huyan del pa\u00eds, tal como ocurri\u00f3 con otros actores pol\u00edticos.<\/p>\n\n\n\n<p>El art\u00edculo 20 del C\u00f3digo Penal manifiesta que son autores quienes realizan el hecho por s\u00ed solos, conjuntamente, por medio de otro o los que dolosamente prestan una cooperaci\u00f3n de tal naturaleza, sin la cual no habr\u00eda podido cometerse el hecho antijur\u00eddico doloso. Es autor mediato el que dolosamente se sirve de otro como instrumento para la realizaci\u00f3n del delito.<\/p>\n","protected":false},"excerpt":{"rendered":"<p>Este martes se present\u00f3 ante la Fiscal\u00eda un memorial de denuncia ampliatoria en contra de Carlos Mesa, Jorge Quiroga, Luis Fernando Camacho, Waldo Albarrac\u00edn, Israel Alanoca y Samuel Doria Medina en el caso Golpe de Estado I. El Comit\u00e9 Impulsor del juicio a Jeanine \u00c1\u00f1ez, present\u00f3 la denuncia ampliatoria ante la Fiscal\u00eda General del Estado para incluir en el proceso \u201cGolpe de Estado I\u201d a todos los pol\u00edticos que participaron en la reuni\u00f3n que se llev\u00f3 adelante en la Universidad Cat\u00f3lica Boliviana (UCB). Los pol\u00edticos deben responder ante la justicia por haber sido parte de los conflictos en el 2019,<\/p>\n","protected":false},"author":2,"featured_media":24609,"comment_status":"closed","ping_status":"open","sticky":false,"template":"","format":"standard","meta":{"_seopress_robots_primary_cat":"none","_seopress_titles_title":"","_seopress_titles_desc":"","_seopress_robots_index":"","_jetpack_memberships_contains_paid_content":false,"footnotes":""},"categories":[103],"tags":[109,165,2738,839,2741,2740,235,372,2739],"class_list":["post-24606","post","type-post","status-publish","format-standard","has-post-thumbnail","hentry","category-nacional","tag-bolivia","tag-carlos-mesa","tag-caso-golpe-de-estado-i","tag-denuncia","tag-israel-alanoca","tag-jorge-quiroga","tag-luis-fernando-camacho","tag-samuel-doria-medina","tag-waldo-albarracin"],"jetpack_featured_media_url":"https:\/\/elradar.info\/wp-content\/uploads\/2022\/06\/ampliacin-enuncia-caso-golpe-i-vctimas-sacaba-senkata-fis_1788508664_1140x520.jpg","jetpack_sharing_enabled":true,"amp_enabled":true,"_links":{"self":[{"href":"https:\/\/elradar.info\/index.php?rest_route=\/wp\/v2\/posts\/24606","targetHints":{"allow":["GET"]}}],"collection":[{"href":"https:\/\/elradar.info\/index.php?rest_route=\/wp\/v2\/posts"}],"about":[{"href":"https:\/\/elradar.info\/index.php?rest_route=\/wp\/v2\/types\/post"}],"author":[{"embeddable":true,"href":"https:\/\/elradar.info\/index.php?rest_route=\/wp\/v2\/users\/2"}],"replies":[{"embeddable":true,"href":"https:\/\/elradar.info\/index.php?rest_route=%2Fwp%2Fv2%2Fcomments&post=24606"}],"version-history":[{"count":1,"href":"https:\/\/elradar.info\/index.php?rest_route=\/wp\/v2\/posts\/24606\/revisions"}],"predecessor-version":[{"id":24610,"href":"https:\/\/elradar.info\/index.php?rest_route=\/wp\/v2\/posts\/24606\/revisions\/24610"}],"wp:featuredmedia":[{"embeddable":true,"href":"https:\/\/elradar.info\/index.php?rest_route=\/wp\/v2\/media\/24609"}],"wp:attachment":[{"href":"https:\/\/elradar.info\/index.php?rest_route=%2Fwp%2Fv2%2Fmedia&parent=24606"}],"wp:term":[{"taxonomy":"category","embeddable":true,"href":"https:\/\/elradar.info\/index.php?rest_route=%2Fwp%2Fv2%2Fcategories&post=24606"},{"taxonomy":"post_tag","embeddable":true,"href":"https:\/\/elradar.info\/index.php?rest_route=%2Fwp%2Fv2%2Ftags&post=24606"}],"curies":[{"name":"wp","href":"https:\/\/api.w.org\/{rel}","templated":true}]}}