{"id":24770,"date":"2022-07-01T14:37:26","date_gmt":"2022-07-01T18:37:26","guid":{"rendered":"http:\/\/elradar.info\/?p=24770"},"modified":"2024-02-01T12:17:58","modified_gmt":"2024-02-01T16:17:58","slug":"drogueria-inti-s-a-inaugura-nuevas-oficinas-en-la-ciudad-de-el-alto","status":"publish","type":"post","link":"https:\/\/elradar.info\/?p=24770","title":{"rendered":"<strong>Droguer\u00eda Inti S. A. inaugura nuevas oficinas en la ciudad de El Alto<\/strong>"},"content":{"rendered":"\n<p>En el marco de su 86 aniversario, Droguer\u00eda Inti S.A. inaugur\u00f3 sus nuevas oficinas en la ciudad de El Alto. Seg\u00fan voceros de la empresa, esto es parte de un anhelo que data de hace tiempo atr\u00e1s y que viene a contribuir con la reactivaci\u00f3n econ\u00f3mica de todos los actores de la industria de la salud en la ciudad de El Alto.<\/p>\n\n\n\n<p>La inauguraci\u00f3n de las oficinas crear\u00e1 50 nuevos empleos, entre personal del equipo comercial, administrativo y log\u00edstico.<\/p>\n\n\n\n<p>Seg\u00fan voceros de Inti: <em>\u201cComo parte del trabajo de expansi\u00f3n, se tienen previstas alianzas estrat\u00e9gicas con grupos de inter\u00e9s que nos ayuden a amplificar el impacto en la urbe alte\u00f1a tanto en el acceso a la salud, sostenibilidad, sensibilidad social; con estas acciones se refuerza el compromiso que cada colaborador de Inti dedica a aportar al progreso de nuestro pa\u00eds y a una apuesta constante por generar valor compartido\u201d.<\/em><\/p>\n\n\n\n<p>Ronald Reyes, gerente general de Inti inform\u00f3 que la empresa<em> \u201c(\u2026) cuenta con el programa de reducci\u00f3n de la violencia contra la mujer denominado Val\u00f3rate, el cual equipa y concientiza a la mujer sobre formas de cortar a la violencia hacia ella incluso con herramientas de defensa personal. Todo esto queremos tambi\u00e9n compartirlo en El Alto\u201d<\/em>, expres\u00f3.<\/p>\n","protected":false},"excerpt":{"rendered":"<p>En el marco de su 86 aniversario, Droguer\u00eda Inti S.A. inaugur\u00f3 sus nuevas oficinas en la ciudad de El Alto. Seg\u00fan voceros de la empresa, esto es parte de un anhelo que data de hace tiempo atr\u00e1s y que viene a contribuir con la reactivaci\u00f3n econ\u00f3mica de todos los actores de la industria de la salud en la ciudad de El Alto. La inauguraci\u00f3n de las oficinas crear\u00e1 50 nuevos empleos, entre personal del equipo comercial, administrativo y log\u00edstico. Seg\u00fan voceros de Inti: \u201cComo parte del trabajo de expansi\u00f3n, se tienen previstas alianzas estrat\u00e9gicas con grupos de inter\u00e9s que nos<\/p>\n","protected":false},"author":2,"featured_media":24773,"comment_status":"closed","ping_status":"open","sticky":false,"template":"","format":"standard","meta":{"_seopress_robots_primary_cat":"none","_seopress_titles_title":"","_seopress_titles_desc":"","_seopress_robots_index":"","_jetpack_memberships_contains_paid_content":false,"footnotes":""},"categories":[103],"tags":[109,2798,401,2799],"class_list":["post-24770","post","type-post","status-publish","format-standard","has-post-thumbnail","hentry","category-nacional","tag-bolivia","tag-drogueria-inti-s-a","tag-el-alto","tag-nuevas-oficinas"],"jetpack_featured_media_url":"https:\/\/elradar.info\/wp-content\/uploads\/2022\/07\/290196304_719131202391817_3438201620328748164_n.jpg","jetpack_sharing_enabled":true,"amp_enabled":true,"_links":{"self":[{"href":"https:\/\/elradar.info\/index.php?rest_route=\/wp\/v2\/posts\/24770","targetHints":{"allow":["GET"]}}],"collection":[{"href":"https:\/\/elradar.info\/index.php?rest_route=\/wp\/v2\/posts"}],"about":[{"href":"https:\/\/elradar.info\/index.php?rest_route=\/wp\/v2\/types\/post"}],"author":[{"embeddable":true,"href":"https:\/\/elradar.info\/index.php?rest_route=\/wp\/v2\/users\/2"}],"replies":[{"embeddable":true,"href":"https:\/\/elradar.info\/index.php?rest_route=%2Fwp%2Fv2%2Fcomments&post=24770"}],"version-history":[{"count":1,"href":"https:\/\/elradar.info\/index.php?rest_route=\/wp\/v2\/posts\/24770\/revisions"}],"predecessor-version":[{"id":24774,"href":"https:\/\/elradar.info\/index.php?rest_route=\/wp\/v2\/posts\/24770\/revisions\/24774"}],"wp:featuredmedia":[{"embeddable":true,"href":"https:\/\/elradar.info\/index.php?rest_route=\/wp\/v2\/media\/24773"}],"wp:attachment":[{"href":"https:\/\/elradar.info\/index.php?rest_route=%2Fwp%2Fv2%2Fmedia&parent=24770"}],"wp:term":[{"taxonomy":"category","embeddable":true,"href":"https:\/\/elradar.info\/index.php?rest_route=%2Fwp%2Fv2%2Fcategories&post=24770"},{"taxonomy":"post_tag","embeddable":true,"href":"https:\/\/elradar.info\/index.php?rest_route=%2Fwp%2Fv2%2Ftags&post=24770"}],"curies":[{"name":"wp","href":"https:\/\/api.w.org\/{rel}","templated":true}]}}