{"id":24781,"date":"2022-07-01T18:52:26","date_gmt":"2022-07-01T22:52:26","guid":{"rendered":"http:\/\/elradar.info\/?p=24781"},"modified":"2024-02-01T12:17:58","modified_gmt":"2024-02-01T16:17:58","slug":"denuncian-que-se-obligo-a-funcionarios-a-asistir-a-la-marcha-en-defensa-de-tariquia","status":"publish","type":"post","link":"https:\/\/elradar.info\/?p=24781","title":{"rendered":"<strong>Denuncian que se oblig\u00f3 a funcionarios a asistir a la marcha en defensa de Tariqu\u00eda&nbsp;<\/strong>"},"content":{"rendered":"\n<p>Disfrazada de tintes ambientalistas, la marcha convocada por el movimiento c\u00edvico de Tarija oblig\u00f3 a participar a personal del Concejo Municipal, la Alcald\u00eda de Tarija, la Gobernaci\u00f3n, la Universidad Aut\u00f3noma Juan Misael Saracho (UAJMS), entre otros. Quienes, ante la vista de los transe\u00fantes, firmaban sus respectivos libros de asistencia.<\/p>\n\n\n\n<p>El car\u00e1cter pol\u00edtico de la marcha tambi\u00e9n se dej\u00f3 ver porque en sus filas se encontraba gente de la opositora CONADE. Por otro lado, la misma entr\u00f3 en contradicciones pues, luego de pedir informes del proyecto a YPFB, no esperaron los resultados para convocar a la marcha, hecho que fue confirmado por el mismo presidente del Comit\u00e9 C\u00edvico, Adri\u00e1n \u00c1vila.<\/p>\n\n\n\n<p>Marcelo Poma, delegado departamental por Tarija, explic\u00f3 que se realizaron m\u00e1s de una treintena de eventos para socializar el proyecto y que, durante ellos, no se generaron grandes cuestionamientos. Por su parte, el viceministro de Exploraci\u00f3n y Explotaci\u00f3n de Hidrocarburos, Ra\u00fal Mayta, asegur\u00f3 que desde la gerencia social ambiental corporativa de YPFB se hizo un relevamiento de todos los pasivos ambientales y se hizo una campa\u00f1a de remediaci\u00f3n de operaciones petroleras con el fin de proteger la reserva durante la exploraci\u00f3n.<\/p>\n","protected":false},"excerpt":{"rendered":"<p>Disfrazada de tintes ambientalistas, la marcha convocada por el movimiento c\u00edvico de Tarija oblig\u00f3 a participar a personal del Concejo Municipal, la Alcald\u00eda de Tarija, la Gobernaci\u00f3n, la Universidad Aut\u00f3noma Juan Misael Saracho (UAJMS), entre otros. Quienes, ante la vista de los transe\u00fantes, firmaban sus respectivos libros de asistencia. El car\u00e1cter pol\u00edtico de la marcha tambi\u00e9n se dej\u00f3 ver porque en sus filas se encontraba gente de la opositora CONADE. Por otro lado, la misma entr\u00f3 en contradicciones pues, luego de pedir informes del proyecto a YPFB, no esperaron los resultados para convocar a la marcha, hecho que fue confirmado<\/p>\n","protected":false},"author":2,"featured_media":24787,"comment_status":"closed","ping_status":"open","sticky":false,"template":"","format":"standard","meta":{"_seopress_robots_primary_cat":"none","_seopress_titles_title":"","_seopress_titles_desc":"","_seopress_robots_index":"","_jetpack_memberships_contains_paid_content":false,"footnotes":""},"categories":[103],"tags":[109,839,368,744],"class_list":["post-24781","post","type-post","status-publish","format-standard","has-post-thumbnail","hentry","category-nacional","tag-bolivia","tag-denuncia","tag-tarija","tag-tariquia"],"jetpack_featured_media_url":"https:\/\/elradar.info\/wp-content\/uploads\/2022\/07\/290222153_453134446634253_2958639371021565970_n.jpg","jetpack_sharing_enabled":true,"amp_enabled":true,"_links":{"self":[{"href":"https:\/\/elradar.info\/index.php?rest_route=\/wp\/v2\/posts\/24781","targetHints":{"allow":["GET"]}}],"collection":[{"href":"https:\/\/elradar.info\/index.php?rest_route=\/wp\/v2\/posts"}],"about":[{"href":"https:\/\/elradar.info\/index.php?rest_route=\/wp\/v2\/types\/post"}],"author":[{"embeddable":true,"href":"https:\/\/elradar.info\/index.php?rest_route=\/wp\/v2\/users\/2"}],"replies":[{"embeddable":true,"href":"https:\/\/elradar.info\/index.php?rest_route=%2Fwp%2Fv2%2Fcomments&post=24781"}],"version-history":[{"count":1,"href":"https:\/\/elradar.info\/index.php?rest_route=\/wp\/v2\/posts\/24781\/revisions"}],"predecessor-version":[{"id":24785,"href":"https:\/\/elradar.info\/index.php?rest_route=\/wp\/v2\/posts\/24781\/revisions\/24785"}],"wp:featuredmedia":[{"embeddable":true,"href":"https:\/\/elradar.info\/index.php?rest_route=\/wp\/v2\/media\/24787"}],"wp:attachment":[{"href":"https:\/\/elradar.info\/index.php?rest_route=%2Fwp%2Fv2%2Fmedia&parent=24781"}],"wp:term":[{"taxonomy":"category","embeddable":true,"href":"https:\/\/elradar.info\/index.php?rest_route=%2Fwp%2Fv2%2Fcategories&post=24781"},{"taxonomy":"post_tag","embeddable":true,"href":"https:\/\/elradar.info\/index.php?rest_route=%2Fwp%2Fv2%2Ftags&post=24781"}],"curies":[{"name":"wp","href":"https:\/\/api.w.org\/{rel}","templated":true}]}}