{"id":24798,"date":"2022-07-02T15:53:15","date_gmt":"2022-07-02T19:53:15","guid":{"rendered":"http:\/\/elradar.info\/?p=24798"},"modified":"2024-02-01T12:17:57","modified_gmt":"2024-02-01T16:17:57","slug":"organizaciones-sociales-estudiantes-padres-de-familia-y-pueblo-en-general-se-dieron-cita-en-las-afueras-del-aeropuerto-de-tarija-en-repudio-a-la-llegada-de-luis-fernando-camacho","status":"publish","type":"post","link":"https:\/\/elradar.info\/?p=24798","title":{"rendered":"<strong>Organizaciones sociales, estudiantes, padres de familia y pueblo en general se dieron cita en las afueras del aeropuerto de Tarija en repudio a la llegada de Luis Fernando Camacho<\/strong>"},"content":{"rendered":"\n<p>Dirigentes de algunos sectores se mostraron molestos porque sienten que hay impunidad para algunos part\u00edcipes de la muerte de bolivianos durante los hechos de 2019, espec\u00edficamente Luis Fernando Camacho, quien se traslada con libertad por el pa\u00eds mientras otras personas, como Jeanine \u00c1\u00f1ez, ya cuenta con una condena:<\/p>\n\n\n\n<p><em>\u201cSe est\u00e1 haciendo la burla del departamento de Tarija, queriendo hacer sus reuniones, como esa vez han hecho en Santa Cruz para, finalmente, hacer un golpe de estado. En este sentido, aqu\u00ed est\u00e1 la poblaci\u00f3n, aqu\u00ed estamos los chapacos, aqu\u00ed estamos las organizaciones sociales, para decirle a este se\u00f1or Camacho que nunca m\u00e1s nos van a matar, nunca m\u00e1s nos van a pillar desorganizados. La vigilia va a ser todos los d\u00edas si es necesario, vamos a estar alerta y, por supuesto, que asesinos no pueden llegar a convulsionar el pa\u00eds, romper la democracia, y querer afectar a la gesti\u00f3n de nuestro hermano presidente\u201d<\/em>, expres\u00f3 un dirigente que aguarda la llegada del avi\u00f3n que transporta a Luis Fernando Camacho.<\/p>\n\n\n\n<p>Personal del aeropuerto, entrevistado por medios de comunicaci\u00f3n tarije\u00f1os, no vio como \u201cpeligrosa\u201d la vigilia instalada en las afueras de sus instalaciones, por cuanto se trata de la expresi\u00f3n pac\u00edfica de una protesta.&nbsp;<\/p>\n","protected":false},"excerpt":{"rendered":"<p>Dirigentes de algunos sectores se mostraron molestos porque sienten que hay impunidad para algunos part\u00edcipes de la muerte de bolivianos durante los hechos de 2019, espec\u00edficamente Luis Fernando Camacho, quien se traslada con libertad por el pa\u00eds mientras otras personas, como Jeanine \u00c1\u00f1ez, ya cuenta con una condena: \u201cSe est\u00e1 haciendo la burla del departamento de Tarija, queriendo hacer sus reuniones, como esa vez han hecho en Santa Cruz para, finalmente, hacer un golpe de estado. En este sentido, aqu\u00ed est\u00e1 la poblaci\u00f3n, aqu\u00ed estamos los chapacos, aqu\u00ed estamos las organizaciones sociales, para decirle a este se\u00f1or Camacho que nunca<\/p>\n","protected":false},"author":2,"featured_media":24801,"comment_status":"closed","ping_status":"open","sticky":false,"template":"","format":"standard","meta":{"_seopress_robots_primary_cat":"none","_seopress_titles_title":"","_seopress_titles_desc":"","_seopress_robots_index":"","_jetpack_memberships_contains_paid_content":false,"footnotes":""},"categories":[103],"tags":[109,2808,235,2809,1548,2807,368],"class_list":["post-24798","post","type-post","status-publish","format-standard","has-post-thumbnail","hentry","category-nacional","tag-bolivia","tag-estudiantes","tag-luis-fernando-camacho","tag-organizaciones-sociales","tag-padres-de-familia","tag-repudio","tag-tarija"],"jetpack_featured_media_url":"https:\/\/elradar.info\/wp-content\/uploads\/2022\/07\/135f0995-167c-4b36-a0f4-0ee26478ae3d.jpg","jetpack_sharing_enabled":true,"amp_enabled":true,"_links":{"self":[{"href":"https:\/\/elradar.info\/index.php?rest_route=\/wp\/v2\/posts\/24798","targetHints":{"allow":["GET"]}}],"collection":[{"href":"https:\/\/elradar.info\/index.php?rest_route=\/wp\/v2\/posts"}],"about":[{"href":"https:\/\/elradar.info\/index.php?rest_route=\/wp\/v2\/types\/post"}],"author":[{"embeddable":true,"href":"https:\/\/elradar.info\/index.php?rest_route=\/wp\/v2\/users\/2"}],"replies":[{"embeddable":true,"href":"https:\/\/elradar.info\/index.php?rest_route=%2Fwp%2Fv2%2Fcomments&post=24798"}],"version-history":[{"count":1,"href":"https:\/\/elradar.info\/index.php?rest_route=\/wp\/v2\/posts\/24798\/revisions"}],"predecessor-version":[{"id":24802,"href":"https:\/\/elradar.info\/index.php?rest_route=\/wp\/v2\/posts\/24798\/revisions\/24802"}],"wp:featuredmedia":[{"embeddable":true,"href":"https:\/\/elradar.info\/index.php?rest_route=\/wp\/v2\/media\/24801"}],"wp:attachment":[{"href":"https:\/\/elradar.info\/index.php?rest_route=%2Fwp%2Fv2%2Fmedia&parent=24798"}],"wp:term":[{"taxonomy":"category","embeddable":true,"href":"https:\/\/elradar.info\/index.php?rest_route=%2Fwp%2Fv2%2Fcategories&post=24798"},{"taxonomy":"post_tag","embeddable":true,"href":"https:\/\/elradar.info\/index.php?rest_route=%2Fwp%2Fv2%2Ftags&post=24798"}],"curies":[{"name":"wp","href":"https:\/\/api.w.org\/{rel}","templated":true}]}}