{"id":24855,"date":"2022-07-04T14:49:04","date_gmt":"2022-07-04T18:49:04","guid":{"rendered":"http:\/\/elradar.info\/?p=24855"},"modified":"2024-02-01T12:17:57","modified_gmt":"2024-02-01T16:17:57","slug":"gobierno-entrega-mas-de-160-items-de-profesionales-en-salud-al-hospital-de-montero-en-santa-cruz","status":"publish","type":"post","link":"https:\/\/elradar.info\/?p=24855","title":{"rendered":"<strong>Gobierno entrega m\u00e1s de 160 \u00edtems de profesionales en salud al hospital de Montero en Santa Cruz<\/strong>"},"content":{"rendered":"\n<p>El Gobierno nacional reforz\u00f3 este lunes con m\u00e1s de 160 \u00edtems de profesionales en salud el hospital de Montero \u201cOscar Urenda\u201d, con lo que da viabilidad para que entre en funcionamiento en el menor tiempo posible para la atenci\u00f3n de la poblaci\u00f3n de todo el Norte Integrado del departamento de Santa Cruz<\/p>\n\n\n\n<p>El ministro de Salud, Jeyson Auza, detall\u00f3 que las asignaciones corresponden 3 en el equipo directivo que son: un jefe de Epidemiolog\u00eda, un jefe de Laboratorio y un Planificador, adem\u00e1s de 6 t\u00e9cnicos en imagen, 9 de laboratorio, 31 auxiliares de enfermer\u00eda, 6 de farmacia, 14 bioqu\u00edmicos, 11 bioqu\u00edmicos farmac\u00e9uticos, 35 licenciadas en enfermer\u00eda, 2 licenciadas en fisioterapia y 2 en nutrici\u00f3n.<\/p>\n\n\n\n<p>A ello se suman 42 m\u00e9dicos especialistas en: Cardiolog\u00eda, Cirug\u00eda General, Dermatolog\u00eda, Endocrinolog\u00eda, Ginecolog\u00eda-Obstetricia, Imagenolog\u00eda, Gastroenterolog\u00eda, Medicina Cr\u00edtica y Terapia Intensiva, Medicina Interna, M\u00e9dico General con Postgrado en Ecograf\u00eda, M\u00e9dico General-Triage, Consulta Externa, Nefrolog\u00eda, Neurolog\u00eda, Oftalm\u00f3logo Cl\u00ednico, Pediatr\u00eda, Neumolog\u00eda, y M\u00e9dico Epidemi\u00f3logo.<\/p>\n\n\n\n<p><em>\u201cHermanos y hermanas damos el primer paso para que de aqu\u00ed, en corto tiempo, pronto podamos inaugurar este hospital, un nosocomio de Montero que va a significar 497.044.112,16 bolivianos, que va a contar con m\u00e1s de 25 especialidades\u201d<\/em>, enfatiz\u00f3.<\/p>\n","protected":false},"excerpt":{"rendered":"<p>El Gobierno nacional reforz\u00f3 este lunes con m\u00e1s de 160 \u00edtems de profesionales en salud el hospital de Montero \u201cOscar Urenda\u201d, con lo que da viabilidad para que entre en funcionamiento en el menor tiempo posible para la atenci\u00f3n de la poblaci\u00f3n de todo el Norte Integrado del departamento de Santa Cruz El ministro de Salud, Jeyson Auza, detall\u00f3 que las asignaciones corresponden 3 en el equipo directivo que son: un jefe de Epidemiolog\u00eda, un jefe de Laboratorio y un Planificador, adem\u00e1s de 6 t\u00e9cnicos en imagen, 9 de laboratorio, 31 auxiliares de enfermer\u00eda, 6 de farmacia, 14 bioqu\u00edmicos, 11<\/p>\n","protected":false},"author":2,"featured_media":24858,"comment_status":"closed","ping_status":"open","sticky":false,"template":"","format":"standard","meta":{"_seopress_robots_primary_cat":"none","_seopress_titles_title":"","_seopress_titles_desc":"","_seopress_robots_index":"","_jetpack_memberships_contains_paid_content":false,"footnotes":""},"categories":[103,201],"tags":[109,2653,708,2827,252,132,398,2163,167],"class_list":["post-24855","post","type-post","status-publish","format-standard","has-post-thumbnail","hentry","category-nacional","category-salud","tag-bolivia","tag-entrega-de-items","tag-gobierno-nacional","tag-hospital-de-montero-oscar-urenda","tag-jeyson-auza","tag-luis-arce","tag-ministerio-de-salud-y-deportes","tag-montero","tag-santa-cruz"],"jetpack_featured_media_url":"https:\/\/elradar.info\/wp-content\/uploads\/2022\/07\/MONTERO.jpg","jetpack_sharing_enabled":true,"amp_enabled":true,"_links":{"self":[{"href":"https:\/\/elradar.info\/index.php?rest_route=\/wp\/v2\/posts\/24855","targetHints":{"allow":["GET"]}}],"collection":[{"href":"https:\/\/elradar.info\/index.php?rest_route=\/wp\/v2\/posts"}],"about":[{"href":"https:\/\/elradar.info\/index.php?rest_route=\/wp\/v2\/types\/post"}],"author":[{"embeddable":true,"href":"https:\/\/elradar.info\/index.php?rest_route=\/wp\/v2\/users\/2"}],"replies":[{"embeddable":true,"href":"https:\/\/elradar.info\/index.php?rest_route=%2Fwp%2Fv2%2Fcomments&post=24855"}],"version-history":[{"count":1,"href":"https:\/\/elradar.info\/index.php?rest_route=\/wp\/v2\/posts\/24855\/revisions"}],"predecessor-version":[{"id":24859,"href":"https:\/\/elradar.info\/index.php?rest_route=\/wp\/v2\/posts\/24855\/revisions\/24859"}],"wp:featuredmedia":[{"embeddable":true,"href":"https:\/\/elradar.info\/index.php?rest_route=\/wp\/v2\/media\/24858"}],"wp:attachment":[{"href":"https:\/\/elradar.info\/index.php?rest_route=%2Fwp%2Fv2%2Fmedia&parent=24855"}],"wp:term":[{"taxonomy":"category","embeddable":true,"href":"https:\/\/elradar.info\/index.php?rest_route=%2Fwp%2Fv2%2Fcategories&post=24855"},{"taxonomy":"post_tag","embeddable":true,"href":"https:\/\/elradar.info\/index.php?rest_route=%2Fwp%2Fv2%2Ftags&post=24855"}],"curies":[{"name":"wp","href":"https:\/\/api.w.org\/{rel}","templated":true}]}}