{"id":24876,"date":"2022-07-05T11:33:52","date_gmt":"2022-07-05T15:33:52","guid":{"rendered":"http:\/\/elradar.info\/?p=24876"},"modified":"2024-02-01T12:17:56","modified_gmt":"2024-02-01T16:17:56","slug":"controlan-precio-y-peso-del-pan-en-santa-cruz-y-la-paz","status":"publish","type":"post","link":"https:\/\/elradar.info\/?p=24876","title":{"rendered":"<strong>Controlan precio y peso del pan en Santa Cruz y La Paz<\/strong>"},"content":{"rendered":"\n<p>El viceministro de Defensa de los Derechos del Usuario y Consumidor, Jorge Silva, inform\u00f3 que trabajadores de esta cartera de Estado se movilizaron hoy martes para controlar el precio y peso del pan de batalla y pan franc\u00e9s en centros de abasto en la ciudad de La Paz y Santa Cruz de la Sierra.<\/p>\n\n\n\n<p>Por otra parte, Silva inform\u00f3 que se espera las conclusiones de las conversaciones que sostienen el Viceministerio de Comercio Interno con los panificadores de Santa Cruz, quienes plantearon la subvenci\u00f3n de la harina argentina y la posible aprobaci\u00f3n de un arancel cero a la importaci\u00f3n de ese insumo.<\/p>\n\n\n\n<p>El viceministro Silva observ\u00f3 que mientras panificadores de La Paz, El Alto, Oruro Potos\u00ed, Sucre y Cochabamba entre otros trabajan con harina nacional, en Santa Cruz se da prioridad a la harina importada.<\/p>\n\n\n\n<p>\u201cEsto nos hace pensar que m\u00e1s all\u00e1 de un inter\u00e9s real que exista en la estructura de costos por parte de los panificadores de Santa Cruz habr\u00eda intereses de car\u00e1cter pol\u00edtico en la misma l\u00ednea de los empresarios que est\u00e1n generando este tipo de inestabilidad para inducir al gobierno a que pueda autorizar la libre importaci\u00f3n el ma\u00edz transg\u00e9nico o la harina transg\u00e9nica de otros pa\u00edses\u201d, dijo.<\/p>\n","protected":false},"excerpt":{"rendered":"<p>El viceministro de Defensa de los Derechos del Usuario y Consumidor, Jorge Silva, inform\u00f3 que trabajadores de esta cartera de Estado se movilizaron hoy martes para controlar el precio y peso del pan de batalla y pan franc\u00e9s en centros de abasto en la ciudad de La Paz y Santa Cruz de la Sierra. Por otra parte, Silva inform\u00f3 que se espera las conclusiones de las conversaciones que sostienen el Viceministerio de Comercio Interno con los panificadores de Santa Cruz, quienes plantearon la subvenci\u00f3n de la harina argentina y la posible aprobaci\u00f3n de un arancel cero a la importaci\u00f3n de<\/p>\n","protected":false},"author":2,"featured_media":24878,"comment_status":"closed","ping_status":"open","sticky":false,"template":"","format":"standard","meta":{"_seopress_robots_primary_cat":"none","_seopress_titles_title":"","_seopress_titles_desc":"","_seopress_robots_index":"","_jetpack_memberships_contains_paid_content":false,"footnotes":""},"categories":[103],"tags":[109,1032,293,2832,167,1055],"class_list":["post-24876","post","type-post","status-publish","format-standard","has-post-thumbnail","hentry","category-nacional","tag-bolivia","tag-jorge-silva","tag-la-paz","tag-precio-y-peso-del-pan","tag-santa-cruz","tag-viceministerio-de-defensa-del-consumidor"],"jetpack_featured_media_url":"https:\/\/elradar.info\/wp-content\/uploads\/2022\/07\/aaf22f04e37af4cd95a6088972fbe2b2_XL.jpg","jetpack_sharing_enabled":true,"amp_enabled":true,"_links":{"self":[{"href":"https:\/\/elradar.info\/index.php?rest_route=\/wp\/v2\/posts\/24876","targetHints":{"allow":["GET"]}}],"collection":[{"href":"https:\/\/elradar.info\/index.php?rest_route=\/wp\/v2\/posts"}],"about":[{"href":"https:\/\/elradar.info\/index.php?rest_route=\/wp\/v2\/types\/post"}],"author":[{"embeddable":true,"href":"https:\/\/elradar.info\/index.php?rest_route=\/wp\/v2\/users\/2"}],"replies":[{"embeddable":true,"href":"https:\/\/elradar.info\/index.php?rest_route=%2Fwp%2Fv2%2Fcomments&post=24876"}],"version-history":[{"count":1,"href":"https:\/\/elradar.info\/index.php?rest_route=\/wp\/v2\/posts\/24876\/revisions"}],"predecessor-version":[{"id":24880,"href":"https:\/\/elradar.info\/index.php?rest_route=\/wp\/v2\/posts\/24876\/revisions\/24880"}],"wp:featuredmedia":[{"embeddable":true,"href":"https:\/\/elradar.info\/index.php?rest_route=\/wp\/v2\/media\/24878"}],"wp:attachment":[{"href":"https:\/\/elradar.info\/index.php?rest_route=%2Fwp%2Fv2%2Fmedia&parent=24876"}],"wp:term":[{"taxonomy":"category","embeddable":true,"href":"https:\/\/elradar.info\/index.php?rest_route=%2Fwp%2Fv2%2Fcategories&post=24876"},{"taxonomy":"post_tag","embeddable":true,"href":"https:\/\/elradar.info\/index.php?rest_route=%2Fwp%2Fv2%2Ftags&post=24876"}],"curies":[{"name":"wp","href":"https:\/\/api.w.org\/{rel}","templated":true}]}}