{"id":24921,"date":"2022-07-05T15:25:27","date_gmt":"2022-07-05T19:25:27","guid":{"rendered":"http:\/\/elradar.info\/?p=24921"},"modified":"2024-02-01T12:17:56","modified_gmt":"2024-02-01T16:17:56","slug":"paro-civico-en-potosi-es-un-fracaso","status":"publish","type":"post","link":"https:\/\/elradar.info\/?p=24921","title":{"rendered":"<strong>Paro c\u00edvico en Potos\u00ed es un fracaso<\/strong>"},"content":{"rendered":"\n<p>Hoy martes, se lleva a cabo el paro c\u00edvico convocado por el Comit\u00e9 C\u00edvico Potosino (COMCIPO), sin embargo 40 municipios del departamento no lo acatan y entidades p\u00fablicas y privadas estar\u00edan trabajando con normalidad.&nbsp;<\/p>\n\n\n\n<p>Videos difundidos en las redes sociales registraron a movilizados recorriendo las calles para obligar a las personas a que acaten el paro c\u00edvico de 24 horas, ya que&nbsp; las carreteras que unen a este departamento con el resto del pa\u00eds se encuentran con total transitabilidad, el transporte y gremiales trabajaron con normalidad.&nbsp;<\/p>\n\n\n\n<p>El paro c\u00edvico se desarrolla solo en el centro de la ciudad; sin embargo, la dirigente de COMCIPO, Roxana Gras, indic\u00f3 a los medios de comunicaci\u00f3n que este es un &#8220;paro exitoso&#8221;.<\/p>\n\n\n\n<p><\/p>\n","protected":false},"excerpt":{"rendered":"<p>Hoy martes, se lleva a cabo el paro c\u00edvico convocado por el Comit\u00e9 C\u00edvico Potosino (COMCIPO), sin embargo 40 municipios del departamento no lo acatan y entidades p\u00fablicas y privadas estar\u00edan trabajando con normalidad.&nbsp; Videos difundidos en las redes sociales registraron a movilizados recorriendo las calles para obligar a las personas a que acaten el paro c\u00edvico de 24 horas, ya que&nbsp; las carreteras que unen a este departamento con el resto del pa\u00eds se encuentran con total transitabilidad, el transporte y gremiales trabajaron con normalidad.&nbsp; El paro c\u00edvico se desarrolla solo en el centro de la ciudad; sin embargo,<\/p>\n","protected":false},"author":2,"featured_media":24924,"comment_status":"closed","ping_status":"open","sticky":false,"template":"","format":"standard","meta":{"_seopress_robots_primary_cat":"none","_seopress_titles_title":"","_seopress_titles_desc":"","_seopress_robots_index":"","_jetpack_memberships_contains_paid_content":false,"footnotes":""},"categories":[103],"tags":[109,2846,532,2848,2847,878],"class_list":["post-24921","post","type-post","status-publish","format-standard","has-post-thumbnail","hentry","category-nacional","tag-bolivia","tag-comite-civico-potosino","tag-fracaso","tag-normalidad","tag-paro-civico-convocado","tag-potosi"],"jetpack_featured_media_url":"https:\/\/elradar.info\/wp-content\/uploads\/2022\/07\/3d3d9146-c735-4d93-8555-6b9202e28b28.jpg","jetpack_sharing_enabled":true,"amp_enabled":true,"_links":{"self":[{"href":"https:\/\/elradar.info\/index.php?rest_route=\/wp\/v2\/posts\/24921","targetHints":{"allow":["GET"]}}],"collection":[{"href":"https:\/\/elradar.info\/index.php?rest_route=\/wp\/v2\/posts"}],"about":[{"href":"https:\/\/elradar.info\/index.php?rest_route=\/wp\/v2\/types\/post"}],"author":[{"embeddable":true,"href":"https:\/\/elradar.info\/index.php?rest_route=\/wp\/v2\/users\/2"}],"replies":[{"embeddable":true,"href":"https:\/\/elradar.info\/index.php?rest_route=%2Fwp%2Fv2%2Fcomments&post=24921"}],"version-history":[{"count":2,"href":"https:\/\/elradar.info\/index.php?rest_route=\/wp\/v2\/posts\/24921\/revisions"}],"predecessor-version":[{"id":24928,"href":"https:\/\/elradar.info\/index.php?rest_route=\/wp\/v2\/posts\/24921\/revisions\/24928"}],"wp:featuredmedia":[{"embeddable":true,"href":"https:\/\/elradar.info\/index.php?rest_route=\/wp\/v2\/media\/24924"}],"wp:attachment":[{"href":"https:\/\/elradar.info\/index.php?rest_route=%2Fwp%2Fv2%2Fmedia&parent=24921"}],"wp:term":[{"taxonomy":"category","embeddable":true,"href":"https:\/\/elradar.info\/index.php?rest_route=%2Fwp%2Fv2%2Fcategories&post=24921"},{"taxonomy":"post_tag","embeddable":true,"href":"https:\/\/elradar.info\/index.php?rest_route=%2Fwp%2Fv2%2Ftags&post=24921"}],"curies":[{"name":"wp","href":"https:\/\/api.w.org\/{rel}","templated":true}]}}