{"id":25158,"date":"2022-07-09T13:55:02","date_gmt":"2022-07-09T17:55:02","guid":{"rendered":"http:\/\/elradar.info\/?p=25158"},"modified":"2024-02-01T12:17:53","modified_gmt":"2024-02-01T16:17:53","slug":"la-leucemia-que-aquejaba-a-david-santalla-entra-en-remision","status":"publish","type":"post","link":"https:\/\/elradar.info\/?p=25158","title":{"rendered":"<strong>La leucemia que aquejaba a David Santalla entra en remisi\u00f3n<\/strong>"},"content":{"rendered":"\n<p>El querido actor y humorista boliviano venci\u00f3 su batalla contra la leucemia que lo aquejaba, pese a haber estado en muy mal estado de salud en los \u00faltimos meses.<\/p>\n\n\n\n<p>La fortaleza del esp\u00edritu del artista logr\u00f3 que la enfermedad entrara en remisi\u00f3n, hecho que fue celebrado por su esposa, Sandra Saavedra, quien escribi\u00f3 en sus redes sociales:<\/p>\n\n\n\n<p>&nbsp;\u201c<em>No tuve la oportunidad de agradecerles infinitamente por su apoyo y oraciones, este es el \u00faltimo an\u00e1lisis del diagn\u00f3stico de David donde dice que la leucemia remiti\u00f3. A\u00fan recuerdo cuando me dec\u00edan en el hospital: Se\u00f1ora duerma con su celular al lado porque le podemos llamar en cualquier momento, mas, cuando llegaba a casa. Dios me dec\u00eda lo contrario y yo le cre\u00ed a \u00e9l<\/em>\u201d, public\u00f3.<\/p>\n\n\n\n<p>Consultado sobre sus planes futuros, Santalla agreg\u00f3:<\/p>\n\n\n\n<p>\u201c<em>Los a\u00f1os pasan, no lo voy a negar, pero voy a volver al teatro, voy a volver a hacer personajes, esto me ha servido para concentrarme y escribir algunas comedias y algunos libros m\u00e1s que tengo, el siguiente paso es publicar los libros y convencer a la gente para que lo compren<\/em>\u201d, dijo.<\/p>\n\n\n\n<p>El diagn\u00f3stico gener\u00f3 alegr\u00eda entre sus admiradores y allegados, quienes esperan que contin\u00fae su recuperaci\u00f3n.<\/p>\n","protected":false},"excerpt":{"rendered":"<p>El querido actor y humorista boliviano venci\u00f3 su batalla contra la leucemia que lo aquejaba, pese a haber estado en muy mal estado de salud en los \u00faltimos meses. La fortaleza del esp\u00edritu del artista logr\u00f3 que la enfermedad entrara en remisi\u00f3n, hecho que fue celebrado por su esposa, Sandra Saavedra, quien escribi\u00f3 en sus redes sociales: &nbsp;\u201cNo tuve la oportunidad de agradecerles infinitamente por su apoyo y oraciones, este es el \u00faltimo an\u00e1lisis del diagn\u00f3stico de David donde dice que la leucemia remiti\u00f3. A\u00fan recuerdo cuando me dec\u00edan en el hospital: Se\u00f1ora duerma con su celular al lado porque<\/p>\n","protected":false},"author":2,"featured_media":25161,"comment_status":"closed","ping_status":"open","sticky":false,"template":"","format":"standard","meta":{"_seopress_robots_primary_cat":"none","_seopress_titles_title":"","_seopress_titles_desc":"","_seopress_robots_index":"","_jetpack_memberships_contains_paid_content":false,"footnotes":""},"categories":[103],"tags":[109,1584,2942,2943],"class_list":["post-25158","post","type-post","status-publish","format-standard","has-post-thumbnail","hentry","category-nacional","tag-bolivia","tag-david-santalla","tag-leucemia","tag-remision"],"jetpack_featured_media_url":"https:\/\/elradar.info\/wp-content\/uploads\/2022\/07\/292148274_491206479438234_7259889704072889300_n.jpg","jetpack_sharing_enabled":true,"amp_enabled":true,"_links":{"self":[{"href":"https:\/\/elradar.info\/index.php?rest_route=\/wp\/v2\/posts\/25158","targetHints":{"allow":["GET"]}}],"collection":[{"href":"https:\/\/elradar.info\/index.php?rest_route=\/wp\/v2\/posts"}],"about":[{"href":"https:\/\/elradar.info\/index.php?rest_route=\/wp\/v2\/types\/post"}],"author":[{"embeddable":true,"href":"https:\/\/elradar.info\/index.php?rest_route=\/wp\/v2\/users\/2"}],"replies":[{"embeddable":true,"href":"https:\/\/elradar.info\/index.php?rest_route=%2Fwp%2Fv2%2Fcomments&post=25158"}],"version-history":[{"count":1,"href":"https:\/\/elradar.info\/index.php?rest_route=\/wp\/v2\/posts\/25158\/revisions"}],"predecessor-version":[{"id":25162,"href":"https:\/\/elradar.info\/index.php?rest_route=\/wp\/v2\/posts\/25158\/revisions\/25162"}],"wp:featuredmedia":[{"embeddable":true,"href":"https:\/\/elradar.info\/index.php?rest_route=\/wp\/v2\/media\/25161"}],"wp:attachment":[{"href":"https:\/\/elradar.info\/index.php?rest_route=%2Fwp%2Fv2%2Fmedia&parent=25158"}],"wp:term":[{"taxonomy":"category","embeddable":true,"href":"https:\/\/elradar.info\/index.php?rest_route=%2Fwp%2Fv2%2Fcategories&post=25158"},{"taxonomy":"post_tag","embeddable":true,"href":"https:\/\/elradar.info\/index.php?rest_route=%2Fwp%2Fv2%2Ftags&post=25158"}],"curies":[{"name":"wp","href":"https:\/\/api.w.org\/{rel}","templated":true}]}}