{"id":25466,"date":"2022-07-13T13:58:31","date_gmt":"2022-07-13T17:58:31","guid":{"rendered":"http:\/\/elradar.info\/?p=25466"},"modified":"2024-02-01T12:16:43","modified_gmt":"2024-02-01T16:16:43","slug":"hoy-se-celebra-el-dia-mundial-del-rock","status":"publish","type":"post","link":"https:\/\/elradar.info\/?p=25466","title":{"rendered":"<strong>Hoy se celebra el D\u00eda Mundial del Rock<\/strong>"},"content":{"rendered":"\n<p>El D\u00eda Mundial del Rock naci\u00f3 como un recordatorio de dos megaconciertos que se realizaron el 13 de julio de 1985 con la finalidad de recaudar fondos para la lucha contra el hambre en Etiop\u00eda.<\/p>\n\n\n\n<p>Se trat\u00f3 del Festival Live Aid, hasta ahora, el evento musical solidario m\u00e1s importante de la historia. El Festival cont\u00f3 con la presencia de las m\u00e1s grandes estrellas de la \u00e9poca: Queen, Tom Petty, Madonna, Eric Clapton, Led Zeppelin, Neil Young, U2, Mick Jagger, David Bowie, Duran Duran, Phil Collins y Bob Dylan, entre otros.<\/p>\n\n\n\n<p>La iniciativa para recaudar fondos naci\u00f3 despu\u00e9s de una gran sequ\u00eda entre 1983 y 1985 en la regi\u00f3n \u00e1rida del norte de Etiop\u00eda, donde la falta de alimentos y la poca agua provocaron una muerte masiva de la poblaci\u00f3n por el hambre. Cuando la cadena de televisi\u00f3n BBC transmiti\u00f3 im\u00e1genes de lo que estaba sucediendo, el m\u00fasico y actor Bob Geldof viaj\u00f3 a \u00c1frica y luego cre\u00f3 la fundaci\u00f3n Band Aid Trust, con el prop\u00f3sito de manejar y distribuir toda la ayuda que se lograra recaudar. Como resultado de estos esfuerzos, naci\u00f3 el evento musical m\u00e1s grande de la historia.<\/p>\n\n\n\n<p>El car\u00e1cter ben\u00e9fico del evento llev\u00f3 un paso m\u00e1s all\u00e1 al rock como g\u00e9nero musical, del cual Pete Townshend, citado m\u00e1s adelante por Charly Garc\u00eda en su primer disco solista, dijo: &#8220;<em>Si grita pidiendo verdad en lugar de auxilio, si se compromete con un coraje que no est\u00e1 seguro de poseer, si se pone de pie para se\u00f1alar algo que est\u00e1 mal, pero no pide sangre para redimirlo, entonces es rock and roll<\/em>&#8220;.<\/p>\n","protected":false},"excerpt":{"rendered":"<p>El D\u00eda Mundial del Rock naci\u00f3 como un recordatorio de dos megaconciertos que se realizaron el 13 de julio de 1985 con la finalidad de recaudar fondos para la lucha contra el hambre en Etiop\u00eda. Se trat\u00f3 del Festival Live Aid, hasta ahora, el evento musical solidario m\u00e1s importante de la historia. El Festival cont\u00f3 con la presencia de las m\u00e1s grandes estrellas de la \u00e9poca: Queen, Tom Petty, Madonna, Eric Clapton, Led Zeppelin, Neil Young, U2, Mick Jagger, David Bowie, Duran Duran, Phil Collins y Bob Dylan, entre otros. La iniciativa para recaudar fondos naci\u00f3 despu\u00e9s de una gran<\/p>\n","protected":false},"author":2,"featured_media":25469,"comment_status":"closed","ping_status":"open","sticky":false,"template":"","format":"standard","meta":{"_seopress_robots_primary_cat":"none","_seopress_titles_title":"","_seopress_titles_desc":"","_seopress_robots_index":"","_jetpack_memberships_contains_paid_content":false,"footnotes":""},"categories":[127,107],"tags":[3011,3010],"class_list":["post-25466","post","type-post","status-publish","format-standard","has-post-thumbnail","hentry","category-cultura","category-internacional","tag-13-de-julio","tag-dia-mundial-del-rock"],"jetpack_featured_media_url":"https:\/\/elradar.info\/wp-content\/uploads\/2022\/07\/DiaMundialdelRockport.png","jetpack_sharing_enabled":true,"amp_enabled":true,"_links":{"self":[{"href":"https:\/\/elradar.info\/index.php?rest_route=\/wp\/v2\/posts\/25466","targetHints":{"allow":["GET"]}}],"collection":[{"href":"https:\/\/elradar.info\/index.php?rest_route=\/wp\/v2\/posts"}],"about":[{"href":"https:\/\/elradar.info\/index.php?rest_route=\/wp\/v2\/types\/post"}],"author":[{"embeddable":true,"href":"https:\/\/elradar.info\/index.php?rest_route=\/wp\/v2\/users\/2"}],"replies":[{"embeddable":true,"href":"https:\/\/elradar.info\/index.php?rest_route=%2Fwp%2Fv2%2Fcomments&post=25466"}],"version-history":[{"count":1,"href":"https:\/\/elradar.info\/index.php?rest_route=\/wp\/v2\/posts\/25466\/revisions"}],"predecessor-version":[{"id":25470,"href":"https:\/\/elradar.info\/index.php?rest_route=\/wp\/v2\/posts\/25466\/revisions\/25470"}],"wp:featuredmedia":[{"embeddable":true,"href":"https:\/\/elradar.info\/index.php?rest_route=\/wp\/v2\/media\/25469"}],"wp:attachment":[{"href":"https:\/\/elradar.info\/index.php?rest_route=%2Fwp%2Fv2%2Fmedia&parent=25466"}],"wp:term":[{"taxonomy":"category","embeddable":true,"href":"https:\/\/elradar.info\/index.php?rest_route=%2Fwp%2Fv2%2Fcategories&post=25466"},{"taxonomy":"post_tag","embeddable":true,"href":"https:\/\/elradar.info\/index.php?rest_route=%2Fwp%2Fv2%2Ftags&post=25466"}],"curies":[{"name":"wp","href":"https:\/\/api.w.org\/{rel}","templated":true}]}}