{"id":25487,"date":"2022-07-14T10:43:11","date_gmt":"2022-07-14T14:43:11","guid":{"rendered":"http:\/\/elradar.info\/?p=25487"},"modified":"2024-02-01T12:16:42","modified_gmt":"2024-02-01T16:16:42","slug":"se-amplian-las-vacaciones-escolares-por-una-semana","status":"publish","type":"post","link":"https:\/\/elradar.info\/?p=25487","title":{"rendered":"Se ampl\u00edan las vacaciones escolares por una semana"},"content":{"rendered":"\n<p>Los ministros de Salud&nbsp; y Educaci\u00f3n, Jeyson Auza y Edgar Pary, respectivamente, informaron que debido al incremento de casos de COVID-19, se ha tomado la determinaci\u00f3n de ampliar en una semana m\u00e1s el descanso pedag\u00f3gico, con el objetivo de prevenir la salud de los estudiantes.<\/p>\n\n\n\n<p><em>\u201cComo Gobierno tenemos que preservar la salud y garantizar la educaci\u00f3n, por eso, pensando en nuestras ni\u00f1as y nuestros ni\u00f1os, estamos ampliando el descanso pedag\u00f3gico hasta el 25 de julio, cuando retornar\u00e1n a clases y recomendamos la vacunaci\u00f3n\u201d<\/em>, afirm\u00f3 Pary<\/p>\n\n\n\n<p>El descanso pedag\u00f3gico abarca a los subsistemas regular, alternativa y especial, educaci\u00f3n superior, escuelas de formaci\u00f3n de maestros e institutos t\u00e9cnicos y tecnol\u00f3gicos.<\/p>\n\n\n\n<p>El ministro de Salud recomend\u00f3 que en la siguiente semana los padres de familia acudan a los centros de salud para que sus hijos reciban la vacuna contra el COVID-19 y completen sus esquemas.<\/p>\n","protected":false},"excerpt":{"rendered":"<p>Los ministros de Salud&nbsp; y Educaci\u00f3n, Jeyson Auza y Edgar Pary, respectivamente, informaron que debido al incremento de casos de COVID-19, se ha tomado la determinaci\u00f3n de ampliar en una semana m\u00e1s el descanso pedag\u00f3gico, con el objetivo de prevenir la salud de los estudiantes. \u201cComo Gobierno tenemos que preservar la salud y garantizar la educaci\u00f3n, por eso, pensando en nuestras ni\u00f1as y nuestros ni\u00f1os, estamos ampliando el descanso pedag\u00f3gico hasta el 25 de julio, cuando retornar\u00e1n a clases y recomendamos la vacunaci\u00f3n\u201d, afirm\u00f3 Pary El descanso pedag\u00f3gico abarca a los subsistemas regular, alternativa y especial, educaci\u00f3n superior, escuelas de<\/p>\n","protected":false},"author":2,"featured_media":25489,"comment_status":"closed","ping_status":"open","sticky":false,"template":"","format":"standard","meta":{"_seopress_robots_primary_cat":"none","_seopress_titles_title":"","_seopress_titles_desc":"","_seopress_robots_index":"","_jetpack_memberships_contains_paid_content":false,"footnotes":""},"categories":[103],"tags":[3015,109,2708,3016,252,531,398,3014],"class_list":["post-25487","post","type-post","status-publish","format-standard","has-post-thumbnail","hentry","category-nacional","tag-ampliacion","tag-bolivia","tag-descanso-pedagogico","tag-edgar-pary","tag-jeyson-auza","tag-ministerio-de-educacion","tag-ministerio-de-salud-y-deportes","tag-vacaciones-escolares"],"jetpack_featured_media_url":"https:\/\/elradar.info\/wp-content\/uploads\/2022\/07\/293161659_134742169242749_9003737296593330307_n.jpg","jetpack_sharing_enabled":true,"amp_enabled":true,"_links":{"self":[{"href":"https:\/\/elradar.info\/index.php?rest_route=\/wp\/v2\/posts\/25487","targetHints":{"allow":["GET"]}}],"collection":[{"href":"https:\/\/elradar.info\/index.php?rest_route=\/wp\/v2\/posts"}],"about":[{"href":"https:\/\/elradar.info\/index.php?rest_route=\/wp\/v2\/types\/post"}],"author":[{"embeddable":true,"href":"https:\/\/elradar.info\/index.php?rest_route=\/wp\/v2\/users\/2"}],"replies":[{"embeddable":true,"href":"https:\/\/elradar.info\/index.php?rest_route=%2Fwp%2Fv2%2Fcomments&post=25487"}],"version-history":[{"count":2,"href":"https:\/\/elradar.info\/index.php?rest_route=\/wp\/v2\/posts\/25487\/revisions"}],"predecessor-version":[{"id":25493,"href":"https:\/\/elradar.info\/index.php?rest_route=\/wp\/v2\/posts\/25487\/revisions\/25493"}],"wp:featuredmedia":[{"embeddable":true,"href":"https:\/\/elradar.info\/index.php?rest_route=\/wp\/v2\/media\/25489"}],"wp:attachment":[{"href":"https:\/\/elradar.info\/index.php?rest_route=%2Fwp%2Fv2%2Fmedia&parent=25487"}],"wp:term":[{"taxonomy":"category","embeddable":true,"href":"https:\/\/elradar.info\/index.php?rest_route=%2Fwp%2Fv2%2Fcategories&post=25487"},{"taxonomy":"post_tag","embeddable":true,"href":"https:\/\/elradar.info\/index.php?rest_route=%2Fwp%2Fv2%2Ftags&post=25487"}],"curies":[{"name":"wp","href":"https:\/\/api.w.org\/{rel}","templated":true}]}}