{"id":25541,"date":"2022-07-14T15:19:35","date_gmt":"2022-07-14T19:19:35","guid":{"rendered":"http:\/\/elradar.info\/?p=25541"},"modified":"2024-02-01T12:16:42","modified_gmt":"2024-02-01T16:16:42","slug":"bolivia-tiene-las-esperanzas-puestas-en-el-atleta-hector-garibay-quien-viaja-rumbo-al-mundial-de-atletismo","status":"publish","type":"post","link":"https:\/\/elradar.info\/?p=25541","title":{"rendered":"<strong>Bolivia tiene las esperanzas puestas en el atleta H\u00e9ctor Garibay, quien viaja rumbo al mundial de atletismo<\/strong>"},"content":{"rendered":"\n<p>Con un emotivo acto, la Gobernaci\u00f3n de Oruro y el SEDEDE despidieron al atleta orure\u00f1o, H\u00e9ctor Garibay Flores, quien parti\u00f3 rumbo a Oregon para participar del Campeonato Mundial de Atletismo. La gobernaci\u00f3n orure\u00f1a entreg\u00f3 al atleta algo m\u00e1s de 5000 Bs. para cubrir sus gastos durante el viaje.<\/p>\n\n\n\n<p>El evento se llevar\u00e1 a cabo en esa ciudad entre el 15 y el 24 de julio. Garibay participar\u00e1 en la especialidad de marat\u00f3n de 42 kil\u00f3metros y 195 metros, competencia que est\u00e1 programada para este domingo 17 de julio.&nbsp;<\/p>\n\n\n\n<p>Durante la despedida, junto a la poblaci\u00f3n orure\u00f1a que se dio cita para expresarle sus mejores deseos, el atleta declar\u00f3:<\/p>\n\n\n\n<p><em>\u201cEstuve entrenando desde enero y voy con esa confianza para representar mejor a Bolivia\u201d.<\/em><\/p>\n\n\n\n<p>Garibay clasific\u00f3 al Mundial de Oreg\u00f3n con una marca obtenida durante su participaci\u00f3n en la Marat\u00f3n de Sevilla, en febrero de este a\u00f1o, donde logr\u00f3 un tiempo de 02h09\u00b406\u201d, nuevo r\u00e9cord nacional.&nbsp;<\/p>\n\n\n\n<p>Dos marchistas bolivianas, \u00c1ngela Castro y Janeth Mamani, tambi\u00e9n participar\u00e1n del mundial, la primera en la prueba de los 20 Km y la segunda en los 35 Km. Ambas tienen programada su participaci\u00f3n para el 22 de julio.<\/p>\n","protected":false},"excerpt":{"rendered":"<p>Con un emotivo acto, la Gobernaci\u00f3n de Oruro y el SEDEDE despidieron al atleta orure\u00f1o, H\u00e9ctor Garibay Flores, quien parti\u00f3 rumbo a Oregon para participar del Campeonato Mundial de Atletismo. La gobernaci\u00f3n orure\u00f1a entreg\u00f3 al atleta algo m\u00e1s de 5000 Bs. para cubrir sus gastos durante el viaje. El evento se llevar\u00e1 a cabo en esa ciudad entre el 15 y el 24 de julio. Garibay participar\u00e1 en la especialidad de marat\u00f3n de 42 kil\u00f3metros y 195 metros, competencia que est\u00e1 programada para este domingo 17 de julio.&nbsp; Durante la despedida, junto a la poblaci\u00f3n orure\u00f1a que se dio cita<\/p>\n","protected":false},"author":2,"featured_media":25544,"comment_status":"closed","ping_status":"open","sticky":false,"template":"","format":"standard","meta":{"_seopress_robots_primary_cat":"none","_seopress_titles_title":"","_seopress_titles_desc":"","_seopress_robots_index":"","_jetpack_memberships_contains_paid_content":false,"footnotes":""},"categories":[199,103],"tags":[109,3036,3038,365,3039,319,3037],"class_list":["post-25541","post","type-post","status-publish","format-standard","has-post-thumbnail","hentry","category-deportes","category-nacional","tag-bolivia","tag-campeonato-mundial-de-atletismo","tag-gobernacion-de-oruro","tag-hector-garibay","tag-oregon","tag-oruro","tag-sedede"],"jetpack_featured_media_url":"https:\/\/elradar.info\/wp-content\/uploads\/2022\/07\/WhatsApp-Image-2022-07-14-at-3.12.36-PM.jpeg","jetpack_sharing_enabled":true,"amp_enabled":true,"_links":{"self":[{"href":"https:\/\/elradar.info\/index.php?rest_route=\/wp\/v2\/posts\/25541","targetHints":{"allow":["GET"]}}],"collection":[{"href":"https:\/\/elradar.info\/index.php?rest_route=\/wp\/v2\/posts"}],"about":[{"href":"https:\/\/elradar.info\/index.php?rest_route=\/wp\/v2\/types\/post"}],"author":[{"embeddable":true,"href":"https:\/\/elradar.info\/index.php?rest_route=\/wp\/v2\/users\/2"}],"replies":[{"embeddable":true,"href":"https:\/\/elradar.info\/index.php?rest_route=%2Fwp%2Fv2%2Fcomments&post=25541"}],"version-history":[{"count":1,"href":"https:\/\/elradar.info\/index.php?rest_route=\/wp\/v2\/posts\/25541\/revisions"}],"predecessor-version":[{"id":25545,"href":"https:\/\/elradar.info\/index.php?rest_route=\/wp\/v2\/posts\/25541\/revisions\/25545"}],"wp:featuredmedia":[{"embeddable":true,"href":"https:\/\/elradar.info\/index.php?rest_route=\/wp\/v2\/media\/25544"}],"wp:attachment":[{"href":"https:\/\/elradar.info\/index.php?rest_route=%2Fwp%2Fv2%2Fmedia&parent=25541"}],"wp:term":[{"taxonomy":"category","embeddable":true,"href":"https:\/\/elradar.info\/index.php?rest_route=%2Fwp%2Fv2%2Fcategories&post=25541"},{"taxonomy":"post_tag","embeddable":true,"href":"https:\/\/elradar.info\/index.php?rest_route=%2Fwp%2Fv2%2Ftags&post=25541"}],"curies":[{"name":"wp","href":"https:\/\/api.w.org\/{rel}","templated":true}]}}