{"id":25561,"date":"2022-07-15T11:06:03","date_gmt":"2022-07-15T15:06:03","guid":{"rendered":"http:\/\/elradar.info\/?p=25561"},"modified":"2024-02-01T12:16:42","modified_gmt":"2024-02-01T16:16:42","slug":"el-viceministerio-de-defensa-del-consumidor-fiscalizara-la-entrega-del-subsidio","status":"publish","type":"post","link":"https:\/\/elradar.info\/?p=25561","title":{"rendered":"<strong>El Viceministerio de Defensa del Consumidor fiscalizar\u00e1 la entrega del subsidio<\/strong>"},"content":{"rendered":"\n<p>Mediante un reporte institucional, el viceministro de Defensa del Consumidor, Jorge Silva, anunci\u00f3 que esa cartera se encargar\u00e1 de fiscalizar y verificar la calidad y el buen trato en los productos y la entrega de los subsidios.&nbsp;<\/p>\n\n\n\n<p>Esta decisi\u00f3n se tom\u00f3 a trav\u00e9s de un acuerdo firmado entre el Servicio de Desarrollo de las Empresas P\u00fablicas Productivas (SEDEM), la Empresa Boliviana de Alimentos (EBA) y la Empresa de Apoyo a la Producci\u00f3n de Alimentos (EMAPA). Al respecto, Silva inform\u00f3:<\/p>\n\n\n\n<p><em>\u201cQueremos anunciar la firma de un convenio con el SEDEM, EBA y EMAPA, con la finalidad de realizar actividades de fiscalizaci\u00f3n y control, tanto a la entrega del subsidio como a la calidad de los productos, en cuanto a precio, peso y buen trato a los beneficiarios\u201d.<\/em><\/p>\n\n\n\n<p>Este acuerdo se firm\u00f3 luego de que surgieron denuncias en las redes sociales y algunos medios de comunicaci\u00f3n, acerca de sobreprecio en los productos y maltrato hacia los usuarios. Hechos que fueron desmentidos por la gerencia del Sedem. Sin embargo, el ministro Silva invit\u00f3 a la poblaci\u00f3n a dirigirse al viceministerio a su cargo para denunciar cualquier irregularidad:<\/p>\n\n\n\n<p><em>\u201cNosotros como Viceministerio, durante este tiempo, no hemos recibido una sola denuncia por parte de ninguna consumidora sobre el subsidio. Cualquier consumidor que se vea afectado, puede acudir a Defensa del Consumidor para atender inmediatamente su reclamo\u201d<\/em>, indic\u00f3.<\/p>\n","protected":false},"excerpt":{"rendered":"<p>Mediante un reporte institucional, el viceministro de Defensa del Consumidor, Jorge Silva, anunci\u00f3 que esa cartera se encargar\u00e1 de fiscalizar y verificar la calidad y el buen trato en los productos y la entrega de los subsidios.&nbsp; Esta decisi\u00f3n se tom\u00f3 a trav\u00e9s de un acuerdo firmado entre el Servicio de Desarrollo de las Empresas P\u00fablicas Productivas (SEDEM), la Empresa Boliviana de Alimentos (EBA) y la Empresa de Apoyo a la Producci\u00f3n de Alimentos (EMAPA). Al respecto, Silva inform\u00f3: \u201cQueremos anunciar la firma de un convenio con el SEDEM, EBA y EMAPA, con la finalidad de realizar actividades de fiscalizaci\u00f3n<\/p>\n","protected":false},"author":2,"featured_media":25564,"comment_status":"closed","ping_status":"open","sticky":false,"template":"","format":"standard","meta":{"_seopress_robots_primary_cat":"none","_seopress_titles_title":"","_seopress_titles_desc":"","_seopress_robots_index":"","_jetpack_memberships_contains_paid_content":false,"footnotes":""},"categories":[103],"tags":[109,2197,1032,3046,1055],"class_list":["post-25561","post","type-post","status-publish","format-standard","has-post-thumbnail","hentry","category-nacional","tag-bolivia","tag-fiscalizacion","tag-jorge-silva","tag-subsidio","tag-viceministerio-de-defensa-del-consumidor"],"jetpack_featured_media_url":"https:\/\/elradar.info\/wp-content\/uploads\/2022\/07\/293545480_368377875412405_7981127241046853105_n.jpg","jetpack_sharing_enabled":true,"amp_enabled":true,"_links":{"self":[{"href":"https:\/\/elradar.info\/index.php?rest_route=\/wp\/v2\/posts\/25561","targetHints":{"allow":["GET"]}}],"collection":[{"href":"https:\/\/elradar.info\/index.php?rest_route=\/wp\/v2\/posts"}],"about":[{"href":"https:\/\/elradar.info\/index.php?rest_route=\/wp\/v2\/types\/post"}],"author":[{"embeddable":true,"href":"https:\/\/elradar.info\/index.php?rest_route=\/wp\/v2\/users\/2"}],"replies":[{"embeddable":true,"href":"https:\/\/elradar.info\/index.php?rest_route=%2Fwp%2Fv2%2Fcomments&post=25561"}],"version-history":[{"count":1,"href":"https:\/\/elradar.info\/index.php?rest_route=\/wp\/v2\/posts\/25561\/revisions"}],"predecessor-version":[{"id":25565,"href":"https:\/\/elradar.info\/index.php?rest_route=\/wp\/v2\/posts\/25561\/revisions\/25565"}],"wp:featuredmedia":[{"embeddable":true,"href":"https:\/\/elradar.info\/index.php?rest_route=\/wp\/v2\/media\/25564"}],"wp:attachment":[{"href":"https:\/\/elradar.info\/index.php?rest_route=%2Fwp%2Fv2%2Fmedia&parent=25561"}],"wp:term":[{"taxonomy":"category","embeddable":true,"href":"https:\/\/elradar.info\/index.php?rest_route=%2Fwp%2Fv2%2Fcategories&post=25561"},{"taxonomy":"post_tag","embeddable":true,"href":"https:\/\/elradar.info\/index.php?rest_route=%2Fwp%2Fv2%2Ftags&post=25561"}],"curies":[{"name":"wp","href":"https:\/\/api.w.org\/{rel}","templated":true}]}}