{"id":25641,"date":"2022-07-18T11:10:20","date_gmt":"2022-07-18T15:10:20","guid":{"rendered":"http:\/\/elradar.info\/?p=25641"},"modified":"2024-02-01T12:16:41","modified_gmt":"2024-02-01T16:16:41","slug":"ministro-de-gobierno-posesiona-a-22-altos-jefes-policiales-nacionales","status":"publish","type":"post","link":"https:\/\/elradar.info\/?p=25641","title":{"rendered":"<strong>Ministro de Gobierno posesiona a 22 altos jefes policiales nacionales<\/strong>"},"content":{"rendered":"\n<p>Este lunes, el ministro de Gobierno, Eduardo del Castillo y el Comandante General de la Polic\u00eda, Orlando Ponce, a 22 directores nacionales y comandantes de la Polic\u00eda. Algunos asumen cargos jer\u00e1rquicos por primera vez.<\/p>\n\n\n\n<p><em>\u201cAtravesamos una \u00e9poca de considerables cambios en la Polic\u00eda Boliviana y retos que debemos cumplir, porque as\u00ed lo demanda el pueblo boliviano\u201d,<\/em> indic\u00f3 del Castillo en la posesi\u00f3n.<\/p>\n\n\n\n<p>Las nuevas autoridades de la fuerza del orden tienen el mandato de luchar contra la corrupci\u00f3n y trabajar en la reforma de la Polic\u00eda Boliviana.<\/p>\n\n\n\n<p><em>\u201cTenemos la responsabilidad de trabajar con mayor entrega y compromiso con nuestro pueblo para dar mayor seguridad ciudadana, combatir la corrupci\u00f3n que merma la instituci\u00f3n policial; no porque unos cuantos efectivos cometan delitos, faltas o contravenciones, se puede manchar una de las instituciones m\u00e1s importantes que tiene el pueblo boliviano\u201d<\/em>, afirm\u00f3 el ministro.<\/p>\n\n\n\n<p>Por su parte, el comandante general, Orlando Ponce, inst\u00f3 a los nuevos jefes hacer prevalecer la institucionalidad, resguardar la seguridad de la poblaci\u00f3n y luchar contra todos los actos delictivos con vocaci\u00f3n y compromiso.<\/p>\n","protected":false},"excerpt":{"rendered":"<p>Este lunes, el ministro de Gobierno, Eduardo del Castillo y el Comandante General de la Polic\u00eda, Orlando Ponce, a 22 directores nacionales y comandantes de la Polic\u00eda. Algunos asumen cargos jer\u00e1rquicos por primera vez. \u201cAtravesamos una \u00e9poca de considerables cambios en la Polic\u00eda Boliviana y retos que debemos cumplir, porque as\u00ed lo demanda el pueblo boliviano\u201d, indic\u00f3 del Castillo en la posesi\u00f3n. Las nuevas autoridades de la fuerza del orden tienen el mandato de luchar contra la corrupci\u00f3n y trabajar en la reforma de la Polic\u00eda Boliviana. \u201cTenemos la responsabilidad de trabajar con mayor entrega y compromiso con nuestro pueblo<\/p>\n","protected":false},"author":2,"featured_media":25643,"comment_status":"closed","ping_status":"open","sticky":false,"template":"","format":"standard","meta":{"_seopress_robots_primary_cat":"none","_seopress_titles_title":"","_seopress_titles_desc":"","_seopress_robots_index":"","_jetpack_memberships_contains_paid_content":false,"footnotes":""},"categories":[103],"tags":[3073,109,129,246,451],"class_list":["post-25641","post","type-post","status-publish","format-standard","has-post-thumbnail","hentry","category-nacional","tag-altos-jefes-policiales","tag-bolivia","tag-eduardo-del-castillo","tag-ministerio-de-gobierno","tag-posesion"],"jetpack_featured_media_url":"https:\/\/elradar.info\/wp-content\/uploads\/2022\/07\/293769898_442765067710796_1668932331097996160_n.jpg","jetpack_sharing_enabled":true,"amp_enabled":true,"_links":{"self":[{"href":"https:\/\/elradar.info\/index.php?rest_route=\/wp\/v2\/posts\/25641","targetHints":{"allow":["GET"]}}],"collection":[{"href":"https:\/\/elradar.info\/index.php?rest_route=\/wp\/v2\/posts"}],"about":[{"href":"https:\/\/elradar.info\/index.php?rest_route=\/wp\/v2\/types\/post"}],"author":[{"embeddable":true,"href":"https:\/\/elradar.info\/index.php?rest_route=\/wp\/v2\/users\/2"}],"replies":[{"embeddable":true,"href":"https:\/\/elradar.info\/index.php?rest_route=%2Fwp%2Fv2%2Fcomments&post=25641"}],"version-history":[{"count":1,"href":"https:\/\/elradar.info\/index.php?rest_route=\/wp\/v2\/posts\/25641\/revisions"}],"predecessor-version":[{"id":25645,"href":"https:\/\/elradar.info\/index.php?rest_route=\/wp\/v2\/posts\/25641\/revisions\/25645"}],"wp:featuredmedia":[{"embeddable":true,"href":"https:\/\/elradar.info\/index.php?rest_route=\/wp\/v2\/media\/25643"}],"wp:attachment":[{"href":"https:\/\/elradar.info\/index.php?rest_route=%2Fwp%2Fv2%2Fmedia&parent=25641"}],"wp:term":[{"taxonomy":"category","embeddable":true,"href":"https:\/\/elradar.info\/index.php?rest_route=%2Fwp%2Fv2%2Fcategories&post=25641"},{"taxonomy":"post_tag","embeddable":true,"href":"https:\/\/elradar.info\/index.php?rest_route=%2Fwp%2Fv2%2Ftags&post=25641"}],"curies":[{"name":"wp","href":"https:\/\/api.w.org\/{rel}","templated":true}]}}