{"id":25647,"date":"2022-07-18T11:24:51","date_gmt":"2022-07-18T15:24:51","guid":{"rendered":"http:\/\/elradar.info\/?p=25647"},"modified":"2024-02-01T12:16:41","modified_gmt":"2024-02-01T16:16:41","slug":"gremiales-rechazan-paro-convocado-por-la-elite-crucena","status":"publish","type":"post","link":"https:\/\/elradar.info\/?p=25647","title":{"rendered":"<strong>Gremiales rechazan paro convocado por la \u00e9lite cruce\u00f1a<\/strong>"},"content":{"rendered":"\n<p>Gremiales de la ciudad de Santa Cruz mostraron su rechazo ante el anuncio de un paro c\u00edvico este 25 de julio, en protesta por la reprogramaci\u00f3n del Censo.<\/p>\n\n\n\n<p>El dirigente gremial del Plan 3000, Enrique Aro, expres\u00f3 as\u00ed su rechazo ante la medida:<\/p>\n\n\n\n<p>\u201c<em>Rechazamos todo anuncio de paro del Comit\u00e9 Interinstitucional, porque lo \u00fanico que har\u00e1 ser\u00e1 perjudicar a los que queremos trabajar y ser\u00eda catastr\u00f3fico para nosotros. Ac\u00e1 apenas estamos sobresaliendo, como se dice, subsistiendo del d\u00eda a d\u00eda porque tenemos cr\u00e9ditos, tenemos deudas, cuentas por pagar y los paros lo que hacen es perjudicar y eso no est\u00e1 bien para nosotros<\/em>\u201d.<\/p>\n\n\n\n<p>Seg\u00fan puntualiz\u00f3 el dirigente, un d\u00eda de paro en Santa Cruz significa una p\u00e9rdida de alrededor de 20 millones de bolivianos.&nbsp;<\/p>\n\n\n\n<p>Solo en el Plan 3000 el gremio aglutina a alrededor de 10000 personas, a las que se sumaron la Confederaci\u00f3n Nacional de Gremiales de Bolivia y los trabajadores gremiales de Riberalta. Este paro se sumar\u00eda a los muchos convocados por la \u00e9lite cruce\u00f1a, los mismos que perjudican la reactivaci\u00f3n econ\u00f3mica del departamento.<\/p>\n","protected":false},"excerpt":{"rendered":"<p>Gremiales de la ciudad de Santa Cruz mostraron su rechazo ante el anuncio de un paro c\u00edvico este 25 de julio, en protesta por la reprogramaci\u00f3n del Censo. El dirigente gremial del Plan 3000, Enrique Aro, expres\u00f3 as\u00ed su rechazo ante la medida: \u201cRechazamos todo anuncio de paro del Comit\u00e9 Interinstitucional, porque lo \u00fanico que har\u00e1 ser\u00e1 perjudicar a los que queremos trabajar y ser\u00eda catastr\u00f3fico para nosotros. Ac\u00e1 apenas estamos sobresaliendo, como se dice, subsistiendo del d\u00eda a d\u00eda porque tenemos cr\u00e9ditos, tenemos deudas, cuentas por pagar y los paros lo que hacen es perjudicar y eso no est\u00e1<\/p>\n","protected":false},"author":2,"featured_media":25650,"comment_status":"closed","ping_status":"open","sticky":false,"template":"","format":"standard","meta":{"_seopress_robots_primary_cat":"none","_seopress_titles_title":"","_seopress_titles_desc":"","_seopress_robots_index":"","_jetpack_memberships_contains_paid_content":false,"footnotes":""},"categories":[103],"tags":[109,3078,3075,3074,3077,3076,2410,167],"class_list":["post-25647","post","type-post","status-publish","format-standard","has-post-thumbnail","hentry","category-nacional","tag-bolivia","tag-elite-crucena","tag-enrique-aro","tag-gremiales","tag-paro-convocado","tag-plan-3000","tag-rechazo","tag-santa-cruz"],"jetpack_featured_media_url":"https:\/\/elradar.info\/wp-content\/uploads\/2022\/07\/46399015.jpg","jetpack_sharing_enabled":true,"amp_enabled":true,"_links":{"self":[{"href":"https:\/\/elradar.info\/index.php?rest_route=\/wp\/v2\/posts\/25647","targetHints":{"allow":["GET"]}}],"collection":[{"href":"https:\/\/elradar.info\/index.php?rest_route=\/wp\/v2\/posts"}],"about":[{"href":"https:\/\/elradar.info\/index.php?rest_route=\/wp\/v2\/types\/post"}],"author":[{"embeddable":true,"href":"https:\/\/elradar.info\/index.php?rest_route=\/wp\/v2\/users\/2"}],"replies":[{"embeddable":true,"href":"https:\/\/elradar.info\/index.php?rest_route=%2Fwp%2Fv2%2Fcomments&post=25647"}],"version-history":[{"count":1,"href":"https:\/\/elradar.info\/index.php?rest_route=\/wp\/v2\/posts\/25647\/revisions"}],"predecessor-version":[{"id":25651,"href":"https:\/\/elradar.info\/index.php?rest_route=\/wp\/v2\/posts\/25647\/revisions\/25651"}],"wp:featuredmedia":[{"embeddable":true,"href":"https:\/\/elradar.info\/index.php?rest_route=\/wp\/v2\/media\/25650"}],"wp:attachment":[{"href":"https:\/\/elradar.info\/index.php?rest_route=%2Fwp%2Fv2%2Fmedia&parent=25647"}],"wp:term":[{"taxonomy":"category","embeddable":true,"href":"https:\/\/elradar.info\/index.php?rest_route=%2Fwp%2Fv2%2Fcategories&post=25647"},{"taxonomy":"post_tag","embeddable":true,"href":"https:\/\/elradar.info\/index.php?rest_route=%2Fwp%2Fv2%2Ftags&post=25647"}],"curies":[{"name":"wp","href":"https:\/\/api.w.org\/{rel}","templated":true}]}}