{"id":25827,"date":"2022-07-20T12:44:57","date_gmt":"2022-07-20T16:44:57","guid":{"rendered":"http:\/\/elradar.info\/?p=25827"},"modified":"2024-02-01T12:16:39","modified_gmt":"2024-02-01T16:16:39","slug":"autoridades-sanitarias-consideran-a-santa-cruz-el-epicentro-de-la-quinta-ola","status":"publish","type":"post","link":"https:\/\/elradar.info\/?p=25827","title":{"rendered":"<strong>Autoridades sanitarias consideran a Santa Cruz el epicentro de la quinta ola <\/strong>&nbsp;"},"content":{"rendered":"\n<p>El departamento de Santa Cruz es considerado el epicentro de la quinta ola del Covid-19 por las autoridades sanitarias de los tres niveles del gobierno del pa\u00eds que se reunieron en la denominada Gran Cruzada por la Vacunaci\u00f3n.<\/p>\n\n\n\n<p>El objetivo de esta reuni\u00f3n es&nbsp;evaluar los compromisos firmados en 2021 con los gobernadores,&nbsp;con respecto a la vacunaci\u00f3n, no solo para prevenir el coronavirus, sino tambi\u00e9n otras enfermedades, cuyas vacunas se encuentran en el esquema regular de inmunizaci\u00f3n. Adem\u00e1s&nbsp;definir acciones que protejan la salud y vida&nbsp;de ni\u00f1os y j\u00f3venes del pa\u00eds.<\/p>\n\n\n\n<p>En la reuni\u00f3n participaron alcaldes y gobernadores de los nueve departamentos y los representantes para Bolivia de la Organizaci\u00f3n Mundial de la Salud (OMS) y de Unicef.<\/p>\n","protected":false},"excerpt":{"rendered":"<p>El departamento de Santa Cruz es considerado el epicentro de la quinta ola del Covid-19 por las autoridades sanitarias de los tres niveles del gobierno del pa\u00eds que se reunieron en la denominada Gran Cruzada por la Vacunaci\u00f3n. El objetivo de esta reuni\u00f3n es&nbsp;evaluar los compromisos firmados en 2021 con los gobernadores,&nbsp;con respecto a la vacunaci\u00f3n, no solo para prevenir el coronavirus, sino tambi\u00e9n otras enfermedades, cuyas vacunas se encuentran en el esquema regular de inmunizaci\u00f3n. Adem\u00e1s&nbsp;definir acciones que protejan la salud y vida&nbsp;de ni\u00f1os y j\u00f3venes del pa\u00eds. En la reuni\u00f3n participaron alcaldes y gobernadores de los nueve departamentos<\/p>\n","protected":false},"author":2,"featured_media":25829,"comment_status":"closed","ping_status":"open","sticky":false,"template":"","format":"standard","meta":{"_seopress_robots_primary_cat":"none","_seopress_titles_title":"","_seopress_titles_desc":"","_seopress_robots_index":"","_jetpack_memberships_contains_paid_content":false,"footnotes":""},"categories":[103,201],"tags":[3133,109,474,3134,2232,167],"class_list":["post-25827","post","type-post","status-publish","format-standard","has-post-thumbnail","hentry","category-nacional","category-salud","tag-autoridades-sanitarias","tag-bolivia","tag-covid-19","tag-epicentro","tag-quinta-ola","tag-santa-cruz"],"jetpack_featured_media_url":"https:\/\/elradar.info\/wp-content\/uploads\/2022\/07\/desescalada.jpg","jetpack_sharing_enabled":true,"amp_enabled":true,"_links":{"self":[{"href":"https:\/\/elradar.info\/index.php?rest_route=\/wp\/v2\/posts\/25827","targetHints":{"allow":["GET"]}}],"collection":[{"href":"https:\/\/elradar.info\/index.php?rest_route=\/wp\/v2\/posts"}],"about":[{"href":"https:\/\/elradar.info\/index.php?rest_route=\/wp\/v2\/types\/post"}],"author":[{"embeddable":true,"href":"https:\/\/elradar.info\/index.php?rest_route=\/wp\/v2\/users\/2"}],"replies":[{"embeddable":true,"href":"https:\/\/elradar.info\/index.php?rest_route=%2Fwp%2Fv2%2Fcomments&post=25827"}],"version-history":[{"count":1,"href":"https:\/\/elradar.info\/index.php?rest_route=\/wp\/v2\/posts\/25827\/revisions"}],"predecessor-version":[{"id":25830,"href":"https:\/\/elradar.info\/index.php?rest_route=\/wp\/v2\/posts\/25827\/revisions\/25830"}],"wp:featuredmedia":[{"embeddable":true,"href":"https:\/\/elradar.info\/index.php?rest_route=\/wp\/v2\/media\/25829"}],"wp:attachment":[{"href":"https:\/\/elradar.info\/index.php?rest_route=%2Fwp%2Fv2%2Fmedia&parent=25827"}],"wp:term":[{"taxonomy":"category","embeddable":true,"href":"https:\/\/elradar.info\/index.php?rest_route=%2Fwp%2Fv2%2Fcategories&post=25827"},{"taxonomy":"post_tag","embeddable":true,"href":"https:\/\/elradar.info\/index.php?rest_route=%2Fwp%2Fv2%2Ftags&post=25827"}],"curies":[{"name":"wp","href":"https:\/\/api.w.org\/{rel}","templated":true}]}}