{"id":25936,"date":"2022-07-22T14:27:30","date_gmt":"2022-07-22T18:27:30","guid":{"rendered":"http:\/\/elradar.info\/?p=25936"},"modified":"2024-02-01T12:16:37","modified_gmt":"2024-02-01T16:16:37","slug":"segun-yo-un-canal-de-youtube-sobre-historia-boliviana","status":"publish","type":"post","link":"https:\/\/elradar.info\/?p=25936","title":{"rendered":"<strong>Seg\u00fan Yo, un canal de YouTube sobre historia boliviana<\/strong>"},"content":{"rendered":"\n<p>En exclusiva para El Radar, hoy contamos con una entrevista con Rodny Montoya, propietario del canal de YouTube sobre historia boliviana \u201cSeg\u00fan Yo\u201d.<\/p>\n\n\n\n<p>E.R. \u00bfCu\u00e9ntanos cu\u00e1ndo naci\u00f3 el canal Seg\u00fan Yo, fue un canal de historia desde el principio?<\/p>\n\n\n\n<p>R.M. El primer video del canal se subi\u00f3 a YouTube el 1\u00ba de febrero de 2017, pero ese material lo tuvimos listo casi un a\u00f1o antes, solo que est\u00e1bamos corrigi\u00e9ndolo y a\u00fan no nos anim\u00e1bamos a hacerlo p\u00fablico. Al principio la idea era subir videos biogr\u00e1ficos, pero con el tiempo nos dimos cuenta que era importante hablar de algunos hechos hist\u00f3ricos que nos ayudaran a explicar el contexto en el que los artistas bolivianos desarrollaban sus actividades, bajo qu\u00e9 influencias pintaban, esculp\u00edan, compon\u00edan, etc.<\/p>\n\n\n\n<p>E.R. \u00bfC\u00f3mo naci\u00f3 la idea?<\/p>\n\n\n\n<p>R.M. Durante mucho tiempo realizamos peque\u00f1os documentales sobre arte y cultura boliviana. Estos videos fueron producidos por encargo de instituciones como museos o galer\u00edas de arte. Y lo que siempre pasaba al presentar estos videos es que terminaban en archivos y solo un p\u00fablico muy reducido conoc\u00eda de su existencia. Al acercarnos de este modo a la vida y obra de artistas bolivianos, nos pareci\u00f3 importante compartir con un p\u00fablico m\u00e1s amplio la historia y el aporte que estos hombres y mujeres hab\u00edan dejado. De ah\u00ed nace la idea de producir videos para YouTube pero, por supuesto, alej\u00e1ndonos del discurso formal del documental y&nbsp; buscando nuestra propia voz en el inmenso mundo que proponen los creadores de contenido en YouTube.<\/p>\n\n\n\n<p>E.R. \u00bfCu\u00e1ntos videos ya tiene el canal? \u00bfc\u00f3mo escoges qu\u00e9 video hacer?<\/p>\n\n\n\n<p>R.M. El canal tiene hasta el momento 20 videos biogr\u00e1ficos, 6 sobre hechos hist\u00f3ricos concretos y 6 sobre temas que tambi\u00e9n nos interesan, como la ecolog\u00eda, el conocimiento libre, la igualdad de g\u00e9nero y los derechos humanos.<\/p>\n\n\n\n<p>Los videos se eligen, por lo general, de acuerdo a la disponibilidad de informaci\u00f3n que existe en relaci\u00f3n al tema que nos interesa. Cuanta mayor informaci\u00f3n en texto y en im\u00e1genes haya disponible, m\u00e1s f\u00e1cil es escribir los guiones de Seg\u00fan Yo.<\/p>\n\n\n\n<p>\u00bfHiciste colaboraciones con otros youtubers?<\/p>\n\n\n\n<p>R.M. Nuestro video sobre la imprenta en Bolivia lo realizamos en colaboraci\u00f3n con otro canal boliviano de historia \u201cLa Hora boliviana\u201d luego, por lo general, nuestras colaboraciones suelen ser con instituciones como el Museo Nacional de Arte, la Fundaci\u00f3n Sim\u00f3n I. Pati\u00f1o, la Biblioteca del Bicentenario o personas particulares que se nos acercan con ideas y trabajamos en temas que consideramos importantes. Tambi\u00e9n hemos colaborado con m\u00fasicos, en nuestro video sobre el gobierno de los 15 d\u00edas trabajamos en un rap al que le puso m\u00fasica nuestro amigo DJ Isaac Abisal.<\/p>\n\n\n\n<p>\u00bfQu\u00e9 tal la recepci\u00f3n por parte de maestros y estudiantes?<\/p>\n\n\n\n<p>R.M. En general, la aceptaci\u00f3n de los videos de Seg\u00fan Yo es buena, en especial por parte de profes y estudiantes. Lo sabemos por comentarios que nos dejan muchos profes, quienes ponen nuestros videos en clase y de ese modo introducen temas que luego les es m\u00e1s f\u00e1cil explicar. Algo similar hacen los docentes universitarios. Tambi\u00e9n nos han escrito mensajes padres de familia agradeciendo por los videos,&nbsp; pues a&nbsp; partir de ellos sus hijos se acercan a la lectura de la historia de Bolivia por gusto y no por obligaci\u00f3n.<\/p>\n\n\n\n<p>Para todos los lectores de El Radar que a\u00fan no conozcan el canal de YouTube de Rodny Montoya, a continuaci\u00f3n les dejamos el link:<\/p>\n\n\n\n<p><a href=\"https:\/\/www.youtube.com\/channel\/UCBvWVwxD5Scz0nzw1QE9hxA\">https:\/\/www.youtube.com\/channel\/UCBvWVwxD5Scz0nzw1QE9hxA<\/a><\/p>\n","protected":false},"excerpt":{"rendered":"<p>En exclusiva para El Radar, hoy contamos con una entrevista con Rodny Montoya, propietario del canal de YouTube sobre historia boliviana \u201cSeg\u00fan Yo\u201d. E.R. \u00bfCu\u00e9ntanos cu\u00e1ndo naci\u00f3 el canal Seg\u00fan Yo, fue un canal de historia desde el principio? R.M. El primer video del canal se subi\u00f3 a YouTube el 1\u00ba de febrero de 2017, pero ese material lo tuvimos listo casi un a\u00f1o antes, solo que est\u00e1bamos corrigi\u00e9ndolo y a\u00fan no nos anim\u00e1bamos a hacerlo p\u00fablico. Al principio la idea era subir videos biogr\u00e1ficos, pero con el tiempo nos dimos cuenta que era importante hablar de algunos hechos hist\u00f3ricos<\/p>\n","protected":false},"author":2,"featured_media":25938,"comment_status":"closed","ping_status":"open","sticky":false,"template":"","format":"standard","meta":{"_seopress_robots_primary_cat":"none","_seopress_titles_title":"","_seopress_titles_desc":"","_seopress_robots_index":"","_jetpack_memberships_contains_paid_content":false,"footnotes":""},"categories":[127,103],"tags":[109,2535,3178,3179,3177,3176],"class_list":["post-25936","post","type-post","status-publish","format-standard","has-post-thumbnail","hentry","category-cultura","category-nacional","tag-bolivia","tag-entrevista","tag-historia-boliviana","tag-rodny-montoya","tag-segun-yo","tag-youtube"],"jetpack_featured_media_url":"https:\/\/elradar.info\/wp-content\/uploads\/2022\/07\/WhatsApp-Image-2022-07-22-at-2.02.16-PM.jpeg","jetpack_sharing_enabled":true,"amp_enabled":true,"_links":{"self":[{"href":"https:\/\/elradar.info\/index.php?rest_route=\/wp\/v2\/posts\/25936","targetHints":{"allow":["GET"]}}],"collection":[{"href":"https:\/\/elradar.info\/index.php?rest_route=\/wp\/v2\/posts"}],"about":[{"href":"https:\/\/elradar.info\/index.php?rest_route=\/wp\/v2\/types\/post"}],"author":[{"embeddable":true,"href":"https:\/\/elradar.info\/index.php?rest_route=\/wp\/v2\/users\/2"}],"replies":[{"embeddable":true,"href":"https:\/\/elradar.info\/index.php?rest_route=%2Fwp%2Fv2%2Fcomments&post=25936"}],"version-history":[{"count":1,"href":"https:\/\/elradar.info\/index.php?rest_route=\/wp\/v2\/posts\/25936\/revisions"}],"predecessor-version":[{"id":25939,"href":"https:\/\/elradar.info\/index.php?rest_route=\/wp\/v2\/posts\/25936\/revisions\/25939"}],"wp:featuredmedia":[{"embeddable":true,"href":"https:\/\/elradar.info\/index.php?rest_route=\/wp\/v2\/media\/25938"}],"wp:attachment":[{"href":"https:\/\/elradar.info\/index.php?rest_route=%2Fwp%2Fv2%2Fmedia&parent=25936"}],"wp:term":[{"taxonomy":"category","embeddable":true,"href":"https:\/\/elradar.info\/index.php?rest_route=%2Fwp%2Fv2%2Fcategories&post=25936"},{"taxonomy":"post_tag","embeddable":true,"href":"https:\/\/elradar.info\/index.php?rest_route=%2Fwp%2Fv2%2Ftags&post=25936"}],"curies":[{"name":"wp","href":"https:\/\/api.w.org\/{rel}","templated":true}]}}