{"id":25986,"date":"2022-07-25T14:19:08","date_gmt":"2022-07-25T18:19:08","guid":{"rendered":"http:\/\/elradar.info\/?p=25986"},"modified":"2024-02-01T12:16:36","modified_gmt":"2024-02-01T16:16:36","slug":"investigan-maltrato-hacia-una-nina-de-un-ano-y-ocho-meses-esta-en-terapia-intensiva","status":"publish","type":"post","link":"https:\/\/elradar.info\/?p=25986","title":{"rendered":"<strong>Investigan maltrato hacia una ni\u00f1a de un a\u00f1o y ocho meses, est\u00e1 en terapia intensiva<\/strong>"},"content":{"rendered":"\n<p>Una ni\u00f1a de un a\u00f1o y ocho meses fue internada en la ciudad de La Paz por el maltrato recibido por parte de su madre y la pareja de esta.<\/p>\n\n\n\n<p>El fin de semana una ni\u00f1a fue llevada a un hospital de la ciudad de La Paz por lesiones que le ocasionaron los adultos con los que conviv\u00eda. Seg\u00fan informaci\u00f3n proporcionada por Juan Jos\u00e9 Donaire, subdirector de la Fuerza Especial de Lucha Contra el Crimen (FELCC), la madre, una joven de 22 a\u00f1os de la provincia Omasuyos, trabaja como vendedora de abarrotes en un mercado, lugar donde conoci\u00f3 a su pareja, un hombre de la misma edad que trabaja como portero del mismo.&nbsp;<\/p>\n\n\n\n<p>Seg\u00fan pudo evidenciarse al revisar a la ni\u00f1a, los signos del maltrato que sufr\u00eda son evidentes, por lo que ambos adultos fueron aprehendidos y el caso inici\u00f3 un proceso de investigaci\u00f3n.<\/p>\n\n\n\n<p>Donaire inform\u00f3 tambi\u00e9n que el progenitor de la menor reside en Brasil y que, por el momento, son los abuelos maternos los que est\u00e1n al tanto del estado de salud de la ni\u00f1a que, por da\u00f1os neurol\u00f3gicos, a\u00fan no sali\u00f3 de terapia intensiva.<\/p>\n","protected":false},"excerpt":{"rendered":"<p>Una ni\u00f1a de un a\u00f1o y ocho meses fue internada en la ciudad de La Paz por el maltrato recibido por parte de su madre y la pareja de esta. El fin de semana una ni\u00f1a fue llevada a un hospital de la ciudad de La Paz por lesiones que le ocasionaron los adultos con los que conviv\u00eda. Seg\u00fan informaci\u00f3n proporcionada por Juan Jos\u00e9 Donaire, subdirector de la Fuerza Especial de Lucha Contra el Crimen (FELCC), la madre, una joven de 22 a\u00f1os de la provincia Omasuyos, trabaja como vendedora de abarrotes en un mercado, lugar donde conoci\u00f3 a su<\/p>\n","protected":false},"author":2,"featured_media":25988,"comment_status":"closed","ping_status":"open","sticky":false,"template":"","format":"standard","meta":{"_seopress_robots_primary_cat":"none","_seopress_titles_title":"","_seopress_titles_desc":"","_seopress_robots_index":"","_jetpack_memberships_contains_paid_content":false,"footnotes":""},"categories":[103],"tags":[109,457,576,293,3033,3210],"class_list":["post-25986","post","type-post","status-publish","format-standard","has-post-thumbnail","hentry","category-nacional","tag-bolivia","tag-felcc","tag-fuerza-especial-de-lucha-contra-el-crimen","tag-la-paz","tag-maltrato-infantil","tag-omasuyos"],"jetpack_featured_media_url":"https:\/\/elradar.info\/wp-content\/uploads\/2022\/07\/2020010811404836817.jpg","jetpack_sharing_enabled":true,"amp_enabled":true,"_links":{"self":[{"href":"https:\/\/elradar.info\/index.php?rest_route=\/wp\/v2\/posts\/25986","targetHints":{"allow":["GET"]}}],"collection":[{"href":"https:\/\/elradar.info\/index.php?rest_route=\/wp\/v2\/posts"}],"about":[{"href":"https:\/\/elradar.info\/index.php?rest_route=\/wp\/v2\/types\/post"}],"author":[{"embeddable":true,"href":"https:\/\/elradar.info\/index.php?rest_route=\/wp\/v2\/users\/2"}],"replies":[{"embeddable":true,"href":"https:\/\/elradar.info\/index.php?rest_route=%2Fwp%2Fv2%2Fcomments&post=25986"}],"version-history":[{"count":1,"href":"https:\/\/elradar.info\/index.php?rest_route=\/wp\/v2\/posts\/25986\/revisions"}],"predecessor-version":[{"id":25989,"href":"https:\/\/elradar.info\/index.php?rest_route=\/wp\/v2\/posts\/25986\/revisions\/25989"}],"wp:featuredmedia":[{"embeddable":true,"href":"https:\/\/elradar.info\/index.php?rest_route=\/wp\/v2\/media\/25988"}],"wp:attachment":[{"href":"https:\/\/elradar.info\/index.php?rest_route=%2Fwp%2Fv2%2Fmedia&parent=25986"}],"wp:term":[{"taxonomy":"category","embeddable":true,"href":"https:\/\/elradar.info\/index.php?rest_route=%2Fwp%2Fv2%2Fcategories&post=25986"},{"taxonomy":"post_tag","embeddable":true,"href":"https:\/\/elradar.info\/index.php?rest_route=%2Fwp%2Fv2%2Ftags&post=25986"}],"curies":[{"name":"wp","href":"https:\/\/api.w.org\/{rel}","templated":true}]}}