{"id":26024,"date":"2022-07-26T11:37:37","date_gmt":"2022-07-26T15:37:37","guid":{"rendered":"http:\/\/elradar.info\/?p=26024"},"modified":"2024-02-01T12:16:36","modified_gmt":"2024-02-01T16:16:36","slug":"el-viceministro-gustavo-torrico-llama-loca-a-la-alcaldesa-de-el-alto-eva-copa","status":"publish","type":"post","link":"https:\/\/elradar.info\/?p=26024","title":{"rendered":"<strong>El viceministro Gustavo Torrico llama \u201cloca\u201d a la alcaldesa de El Alto, Eva Copa<\/strong>"},"content":{"rendered":"\n<p>El viceministro de Coordinaci\u00f3n y Gesti\u00f3n Gubernamental, Gustavo Torrico, llam\u00f3 \u201cloca\u201d ayer a la alcaldesa de El Alto, Eva Copa, y dijo que ella no hubiera sido alcaldesa si el Movimiento Al Socialismo (MAS) no hubiera mostrado signos de divisi\u00f3n en las elecciones subnacionales de 2021.<\/p>\n\n\n\n<p><em>\u201cSi fu\u00e9ramos tan comprometidos con el MAS, disc\u00falpenme la frase, ni por putas esa loca (Eva Copa) ser\u00eda alcaldesa de El Alto\u201d<\/em>, dijo Torrico entre aplausos de los militantes masistas, durante la inauguraci\u00f3n de la Escuela de Formaci\u00f3n Pol\u00edtica del MAS en la urbe alte\u00f1a.<\/p>\n\n\n\n<p><em>\u201cAhh, no ve, no hab\u00edamos sido tanto (comprometidos) no ve. Nos hemos peleado porque nos les gustaba el compa\u00f1ero Ramos. Nos hemos peleado por qui\u00e9n le puso a la Wilma (Alanoca). Nos hemos peleado de todo, \u00bfno es cierto?\u201d<\/em>, acot\u00f3 el viceministro.<\/p>\n","protected":false},"excerpt":{"rendered":"<p>El viceministro de Coordinaci\u00f3n y Gesti\u00f3n Gubernamental, Gustavo Torrico, llam\u00f3 \u201cloca\u201d ayer a la alcaldesa de El Alto, Eva Copa, y dijo que ella no hubiera sido alcaldesa si el Movimiento Al Socialismo (MAS) no hubiera mostrado signos de divisi\u00f3n en las elecciones subnacionales de 2021. \u201cSi fu\u00e9ramos tan comprometidos con el MAS, disc\u00falpenme la frase, ni por putas esa loca (Eva Copa) ser\u00eda alcaldesa de El Alto\u201d, dijo Torrico entre aplausos de los militantes masistas, durante la inauguraci\u00f3n de la Escuela de Formaci\u00f3n Pol\u00edtica del MAS en la urbe alte\u00f1a. \u201cAhh, no ve, no hab\u00edamos sido tanto (comprometidos) no<\/p>\n","protected":false},"author":2,"featured_media":26026,"comment_status":"closed","ping_status":"open","sticky":false,"template":"","format":"standard","meta":{"_seopress_robots_primary_cat":"none","_seopress_titles_title":"","_seopress_titles_desc":"","_seopress_robots_index":"","_jetpack_memberships_contains_paid_content":false,"footnotes":""},"categories":[103],"tags":[109,401,274,1922,1897],"class_list":["post-26024","post","type-post","status-publish","format-standard","has-post-thumbnail","hentry","category-nacional","tag-bolivia","tag-el-alto","tag-eva-copa","tag-gustavo-torrico","tag-viceministerio-de-coordinacion-y-gestion-gubernamental"],"jetpack_featured_media_url":"https:\/\/elradar.info\/wp-content\/uploads\/2022\/07\/a.png","jetpack_sharing_enabled":true,"amp_enabled":true,"_links":{"self":[{"href":"https:\/\/elradar.info\/index.php?rest_route=\/wp\/v2\/posts\/26024","targetHints":{"allow":["GET"]}}],"collection":[{"href":"https:\/\/elradar.info\/index.php?rest_route=\/wp\/v2\/posts"}],"about":[{"href":"https:\/\/elradar.info\/index.php?rest_route=\/wp\/v2\/types\/post"}],"author":[{"embeddable":true,"href":"https:\/\/elradar.info\/index.php?rest_route=\/wp\/v2\/users\/2"}],"replies":[{"embeddable":true,"href":"https:\/\/elradar.info\/index.php?rest_route=%2Fwp%2Fv2%2Fcomments&post=26024"}],"version-history":[{"count":1,"href":"https:\/\/elradar.info\/index.php?rest_route=\/wp\/v2\/posts\/26024\/revisions"}],"predecessor-version":[{"id":26027,"href":"https:\/\/elradar.info\/index.php?rest_route=\/wp\/v2\/posts\/26024\/revisions\/26027"}],"wp:featuredmedia":[{"embeddable":true,"href":"https:\/\/elradar.info\/index.php?rest_route=\/wp\/v2\/media\/26026"}],"wp:attachment":[{"href":"https:\/\/elradar.info\/index.php?rest_route=%2Fwp%2Fv2%2Fmedia&parent=26024"}],"wp:term":[{"taxonomy":"category","embeddable":true,"href":"https:\/\/elradar.info\/index.php?rest_route=%2Fwp%2Fv2%2Fcategories&post=26024"},{"taxonomy":"post_tag","embeddable":true,"href":"https:\/\/elradar.info\/index.php?rest_route=%2Fwp%2Fv2%2Ftags&post=26024"}],"curies":[{"name":"wp","href":"https:\/\/api.w.org\/{rel}","templated":true}]}}