{"id":26028,"date":"2022-07-26T11:48:29","date_gmt":"2022-07-26T15:48:29","guid":{"rendered":"http:\/\/elradar.info\/?p=26028"},"modified":"2024-02-01T12:16:36","modified_gmt":"2024-02-01T16:16:36","slug":"un-como-hoy-26-de-julio-de-1952-murio-eva-peron","status":"publish","type":"post","link":"https:\/\/elradar.info\/?p=26028","title":{"rendered":"Un d\u00eda como hoy, 26 de julio de 1952, muri\u00f3 Eva Per\u00f3n"},"content":{"rendered":"\n<p>Un d\u00eda como hoy, en 1952, muri\u00f3 Eva Duarte, una de las mujeres m\u00e1s destacadas de la historia de Am\u00e9rica Latina.<\/p>\n\n\n\n<p>Eva naci\u00f3 en Los Toldos, Buenos Aires, el 7 de mayo de 1919. Fue actriz, e incursion\u00f3 tambi\u00e9n en la radiofon\u00eda de la \u00e9poca, posteriormente, conoci\u00f3 al general Juan Domingo Per\u00f3n con el que contrajo nupcias e inici\u00f3 un camino que la llev\u00f3 a jugar un papel fundamental en el escenario pol\u00edtico argentino.&nbsp;<\/p>\n\n\n\n<p>Uno de los logros por los que es recordada se dio en 1947, cuando se promulg\u00f3 la ley de sufragio femenino, por Ley N.\u00ba 13.010 del 9 de septiembre. La misma que fue posteriormente conocida como &#8220;la Ley Evita&#8221; que le daba el derecho y habilitaba a todas las mujeres de la Argentina a votar. Ese fue el primer paso en la incorporaci\u00f3n formal de las mujeres en el \u00e1mbito pol\u00edtico. En un discurso, en la ocasi\u00f3n de la promulgaci\u00f3n de dicha ley, Eva declar\u00f3:<\/p>\n\n\n\n<p>\u201c<em>Nuestra voz ha sido escuchada. Gracias a la revoluci\u00f3n y a nuestro l\u00edder se han reconocido al fin los derechos pol\u00edticos que durante tanto tiempo nos fueron negados. Ahora podemos votar. Mujeres compatriotas, amigas m\u00edas, \u00a1sepamos tambi\u00e9n votar<\/em>\u201d.<\/p>\n\n\n\n<p>Un par de a\u00f1os despu\u00e9s, Eva desarroll\u00f3 c\u00e1ncer de cuello uterino, del cual no pudo recuperarse. Vot\u00f3 por primera vez mientras convalec\u00eda en su cama de hospital.<\/p>\n","protected":false},"excerpt":{"rendered":"<p>Un d\u00eda como hoy, en 1952, muri\u00f3 Eva Duarte, una de las mujeres m\u00e1s destacadas de la historia de Am\u00e9rica Latina. Eva naci\u00f3 en Los Toldos, Buenos Aires, el 7 de mayo de 1919. Fue actriz, e incursion\u00f3 tambi\u00e9n en la radiofon\u00eda de la \u00e9poca, posteriormente, conoci\u00f3 al general Juan Domingo Per\u00f3n con el que contrajo nupcias e inici\u00f3 un camino que la llev\u00f3 a jugar un papel fundamental en el escenario pol\u00edtico argentino.&nbsp; Uno de los logros por los que es recordada se dio en 1947, cuando se promulg\u00f3 la ley de sufragio femenino, por Ley N.\u00ba 13.010 del<\/p>\n","protected":false},"author":2,"featured_media":26030,"comment_status":"closed","ping_status":"open","sticky":false,"template":"","format":"standard","meta":{"_seopress_robots_primary_cat":"none","_seopress_titles_title":"","_seopress_titles_desc":"","_seopress_robots_index":"","_jetpack_memberships_contains_paid_content":false,"footnotes":""},"categories":[107],"tags":[959,148,3228,3227,1544],"class_list":["post-26028","post","type-post","status-publish","format-standard","has-post-thumbnail","hentry","category-internacional","tag-america-latina","tag-argentina","tag-eva-duarte","tag-eva-peron","tag-fallecimiento"],"jetpack_featured_media_url":"https:\/\/elradar.info\/wp-content\/uploads\/2022\/07\/eva-peron-jpg.jpg","jetpack_sharing_enabled":true,"amp_enabled":true,"_links":{"self":[{"href":"https:\/\/elradar.info\/index.php?rest_route=\/wp\/v2\/posts\/26028","targetHints":{"allow":["GET"]}}],"collection":[{"href":"https:\/\/elradar.info\/index.php?rest_route=\/wp\/v2\/posts"}],"about":[{"href":"https:\/\/elradar.info\/index.php?rest_route=\/wp\/v2\/types\/post"}],"author":[{"embeddable":true,"href":"https:\/\/elradar.info\/index.php?rest_route=\/wp\/v2\/users\/2"}],"replies":[{"embeddable":true,"href":"https:\/\/elradar.info\/index.php?rest_route=%2Fwp%2Fv2%2Fcomments&post=26028"}],"version-history":[{"count":2,"href":"https:\/\/elradar.info\/index.php?rest_route=\/wp\/v2\/posts\/26028\/revisions"}],"predecessor-version":[{"id":26032,"href":"https:\/\/elradar.info\/index.php?rest_route=\/wp\/v2\/posts\/26028\/revisions\/26032"}],"wp:featuredmedia":[{"embeddable":true,"href":"https:\/\/elradar.info\/index.php?rest_route=\/wp\/v2\/media\/26030"}],"wp:attachment":[{"href":"https:\/\/elradar.info\/index.php?rest_route=%2Fwp%2Fv2%2Fmedia&parent=26028"}],"wp:term":[{"taxonomy":"category","embeddable":true,"href":"https:\/\/elradar.info\/index.php?rest_route=%2Fwp%2Fv2%2Fcategories&post=26028"},{"taxonomy":"post_tag","embeddable":true,"href":"https:\/\/elradar.info\/index.php?rest_route=%2Fwp%2Fv2%2Ftags&post=26028"}],"curies":[{"name":"wp","href":"https:\/\/api.w.org\/{rel}","templated":true}]}}