{"id":26037,"date":"2022-07-26T14:20:10","date_gmt":"2022-07-26T18:20:10","guid":{"rendered":"http:\/\/elradar.info\/?p=26037"},"modified":"2024-02-01T12:16:36","modified_gmt":"2024-02-01T16:16:36","slug":"el-municipio-pandino-de-puerto-rico-estrena-nueva-terminal-de-buses","status":"publish","type":"post","link":"https:\/\/elradar.info\/?p=26037","title":{"rendered":"<strong>El municipio pandino de Puerto Rico estrena nueva terminal de buses<\/strong>"},"content":{"rendered":"\n<p>El presidente del Estado, Luis Arce, oficializ\u00f3 la entrega de la Terminal de Buses Salin Kerdy Yba\u00f1ez en el municipio de Puerto Rico en el departamento de Pando, con una inversi\u00f3n de 7.965.000 bolivianos.<\/p>\n\n\n\n<p><em>\u201cEsta obra que entregamos hoy d\u00eda va a generar ingresos al municipio y tambi\u00e9n empleos para los hermanos de Puerto Rico, para que sea en beneficio de la poblaci\u00f3n como todas las obras que entregamos en la gesti\u00f3n\u201d<\/em>, afirm\u00f3 el mandatario.<\/p>\n\n\n\n<p>El Gobierno nacional es un gran aliado para mejorar e incrementar la producci\u00f3n, avanzar hacia el desarrollo y lograr mejorar la calidad de vida de los bolivianos.<\/p>\n\n\n\n<p><em>\u201cPuerto Rico tiene que convertirse en una capital ecol\u00f3gica y tambi\u00e9n industrializadora de frutos amaz\u00f3nicos, existe capacidad productiva y nuestro gobierno est\u00e1 empe\u00f1ado en reforzar las capacidades productoras de todos los municipios\u201d<\/em>, dijo el presidente.<\/p>\n","protected":false},"excerpt":{"rendered":"<p>El presidente del Estado, Luis Arce, oficializ\u00f3 la entrega de la Terminal de Buses Salin Kerdy Yba\u00f1ez en el municipio de Puerto Rico en el departamento de Pando, con una inversi\u00f3n de 7.965.000 bolivianos. \u201cEsta obra que entregamos hoy d\u00eda va a generar ingresos al municipio y tambi\u00e9n empleos para los hermanos de Puerto Rico, para que sea en beneficio de la poblaci\u00f3n como todas las obras que entregamos en la gesti\u00f3n\u201d, afirm\u00f3 el mandatario. El Gobierno nacional es un gran aliado para mejorar e incrementar la producci\u00f3n, avanzar hacia el desarrollo y lograr mejorar la calidad de vida de<\/p>\n","protected":false},"author":2,"featured_media":26039,"comment_status":"closed","ping_status":"open","sticky":false,"template":"","format":"standard","meta":{"_seopress_robots_primary_cat":"none","_seopress_titles_title":"","_seopress_titles_desc":"","_seopress_robots_index":"","_jetpack_memberships_contains_paid_content":false,"footnotes":""},"categories":[103],"tags":[109,132,3233,2342,3232,3234],"class_list":["post-26037","post","type-post","status-publish","format-standard","has-post-thumbnail","hentry","category-nacional","tag-bolivia","tag-luis-arce","tag-nueva-terminal-de-buses","tag-pando","tag-puerto-rico","tag-terminal-de-buses-salin-kerdy-ybanez"],"jetpack_featured_media_url":"https:\/\/elradar.info\/wp-content\/uploads\/2022\/07\/296139704_10161697182502542_4435918871887680236_n.jpg","jetpack_sharing_enabled":true,"amp_enabled":true,"_links":{"self":[{"href":"https:\/\/elradar.info\/index.php?rest_route=\/wp\/v2\/posts\/26037","targetHints":{"allow":["GET"]}}],"collection":[{"href":"https:\/\/elradar.info\/index.php?rest_route=\/wp\/v2\/posts"}],"about":[{"href":"https:\/\/elradar.info\/index.php?rest_route=\/wp\/v2\/types\/post"}],"author":[{"embeddable":true,"href":"https:\/\/elradar.info\/index.php?rest_route=\/wp\/v2\/users\/2"}],"replies":[{"embeddable":true,"href":"https:\/\/elradar.info\/index.php?rest_route=%2Fwp%2Fv2%2Fcomments&post=26037"}],"version-history":[{"count":1,"href":"https:\/\/elradar.info\/index.php?rest_route=\/wp\/v2\/posts\/26037\/revisions"}],"predecessor-version":[{"id":26040,"href":"https:\/\/elradar.info\/index.php?rest_route=\/wp\/v2\/posts\/26037\/revisions\/26040"}],"wp:featuredmedia":[{"embeddable":true,"href":"https:\/\/elradar.info\/index.php?rest_route=\/wp\/v2\/media\/26039"}],"wp:attachment":[{"href":"https:\/\/elradar.info\/index.php?rest_route=%2Fwp%2Fv2%2Fmedia&parent=26037"}],"wp:term":[{"taxonomy":"category","embeddable":true,"href":"https:\/\/elradar.info\/index.php?rest_route=%2Fwp%2Fv2%2Fcategories&post=26037"},{"taxonomy":"post_tag","embeddable":true,"href":"https:\/\/elradar.info\/index.php?rest_route=%2Fwp%2Fv2%2Ftags&post=26037"}],"curies":[{"name":"wp","href":"https:\/\/api.w.org\/{rel}","templated":true}]}}