{"id":26123,"date":"2022-07-28T13:55:15","date_gmt":"2022-07-28T17:55:15","guid":{"rendered":"http:\/\/elradar.info\/?p=26123"},"modified":"2024-02-01T12:16:34","modified_gmt":"2024-02-01T16:16:34","slug":"tarija-sera-sede-de-la-parada-militar-en-honor-al-197-aniversario-nacional","status":"publish","type":"post","link":"https:\/\/elradar.info\/?p=26123","title":{"rendered":"<strong>Tarija ser\u00e1 sede de la Parada Militar en honor al 197 aniversario nacional&nbsp;<\/strong>"},"content":{"rendered":"\n<p>La viceministra de Comunicaci\u00f3n, Gabriela Alc\u00f3n, confirm\u00f3 que la Parada Militar, a realizarse el 7 de agosto, ser\u00e1 en el departamento de Tarija con la participaci\u00f3n de las autoridades de la regi\u00f3n.<\/p>\n\n\n\n<p>En tanto, la sesi\u00f3n de Honor de la Asamblea Legislativa Plurinacional (ALP) por el aniversario patrio, el 6 de agosto, se realizar\u00e1 en Sucre, en la Casa de la Libertad, donde el presidente del Estado, Luis Arce Catacora, dar\u00e1 su mensaje al pueblo boliviano.<\/p>\n\n\n\n<p>Por su parte, la jefa de protocolo del Gobierno Departamental de Tarija, Griselda M\u00e1rquez, se\u00f1al\u00f3 que se realizan las gestiones para los actos oficiales del 7 de agosto con las Fuerzas Armadas, quienes son las encargadas del recorrido militar en homenaje al aniversario patrio.<\/p>\n","protected":false},"excerpt":{"rendered":"<p>La viceministra de Comunicaci\u00f3n, Gabriela Alc\u00f3n, confirm\u00f3 que la Parada Militar, a realizarse el 7 de agosto, ser\u00e1 en el departamento de Tarija con la participaci\u00f3n de las autoridades de la regi\u00f3n. En tanto, la sesi\u00f3n de Honor de la Asamblea Legislativa Plurinacional (ALP) por el aniversario patrio, el 6 de agosto, se realizar\u00e1 en Sucre, en la Casa de la Libertad, donde el presidente del Estado, Luis Arce Catacora, dar\u00e1 su mensaje al pueblo boliviano. Por su parte, la jefa de protocolo del Gobierno Departamental de Tarija, Griselda M\u00e1rquez, se\u00f1al\u00f3 que se realizan las gestiones para los actos oficiales<\/p>\n","protected":false},"author":2,"featured_media":26125,"comment_status":"closed","ping_status":"open","sticky":false,"template":"","format":"standard","meta":{"_seopress_robots_primary_cat":"none","_seopress_titles_title":"","_seopress_titles_desc":"","_seopress_robots_index":"","_jetpack_memberships_contains_paid_content":false,"footnotes":""},"categories":[103],"tags":[3299,109,3298,368],"class_list":["post-26123","post","type-post","status-publish","format-standard","has-post-thumbnail","hentry","category-nacional","tag-197-aniversario-nacional","tag-bolivia","tag-parada-militar","tag-tarija"],"jetpack_featured_media_url":"https:\/\/elradar.info\/wp-content\/uploads\/2022\/07\/5989817108f3d934718b460c.jpg","jetpack_sharing_enabled":true,"amp_enabled":true,"_links":{"self":[{"href":"https:\/\/elradar.info\/index.php?rest_route=\/wp\/v2\/posts\/26123","targetHints":{"allow":["GET"]}}],"collection":[{"href":"https:\/\/elradar.info\/index.php?rest_route=\/wp\/v2\/posts"}],"about":[{"href":"https:\/\/elradar.info\/index.php?rest_route=\/wp\/v2\/types\/post"}],"author":[{"embeddable":true,"href":"https:\/\/elradar.info\/index.php?rest_route=\/wp\/v2\/users\/2"}],"replies":[{"embeddable":true,"href":"https:\/\/elradar.info\/index.php?rest_route=%2Fwp%2Fv2%2Fcomments&post=26123"}],"version-history":[{"count":1,"href":"https:\/\/elradar.info\/index.php?rest_route=\/wp\/v2\/posts\/26123\/revisions"}],"predecessor-version":[{"id":26126,"href":"https:\/\/elradar.info\/index.php?rest_route=\/wp\/v2\/posts\/26123\/revisions\/26126"}],"wp:featuredmedia":[{"embeddable":true,"href":"https:\/\/elradar.info\/index.php?rest_route=\/wp\/v2\/media\/26125"}],"wp:attachment":[{"href":"https:\/\/elradar.info\/index.php?rest_route=%2Fwp%2Fv2%2Fmedia&parent=26123"}],"wp:term":[{"taxonomy":"category","embeddable":true,"href":"https:\/\/elradar.info\/index.php?rest_route=%2Fwp%2Fv2%2Fcategories&post=26123"},{"taxonomy":"post_tag","embeddable":true,"href":"https:\/\/elradar.info\/index.php?rest_route=%2Fwp%2Fv2%2Ftags&post=26123"}],"curies":[{"name":"wp","href":"https:\/\/api.w.org\/{rel}","templated":true}]}}