{"id":26127,"date":"2022-07-28T14:17:25","date_gmt":"2022-07-28T18:17:25","guid":{"rendered":"http:\/\/elradar.info\/?p=26127"},"modified":"2024-02-01T12:16:34","modified_gmt":"2024-02-01T16:16:34","slug":"201-anos-del-bicentenario-de-la-independencia-del-peru","status":"publish","type":"post","link":"https:\/\/elradar.info\/?p=26127","title":{"rendered":"<strong>201 a\u00f1os del Bicentenario de la independencia del Per\u00fa<\/strong>"},"content":{"rendered":"\n<p>Hoy se cumplen 201 a\u00f1os de la proclamaci\u00f3n de la independencia de la hermana Rep\u00fablica del Per\u00fa por el pr\u00f3cer, General Jos\u00e9 de San Mart\u00edn. En la ocasi\u00f3n, \u00e9l pronunci\u00f3 palabras que trascendieron en la historia:<\/p>\n\n\n\n<p><em>\u201c(\u2026) permanecer\u00e1n esculpidas en el coraz\u00f3n de todo peruano eternamente: El Per\u00fa es desde este momento libre e independiente por la voluntad general de los pueblos, y por la justicia de su causa que Dios defiende\u201d.<\/em><\/p>\n\n\n\n<p>Ante el clamor popular, el general ocup\u00f3 el cargo de Protector del Per\u00fa, mismo que, en un inicio, se hab\u00eda negado a aceptar. Su amigo y secretario, Bernardo de Monteagudo le advirti\u00f3 que su presencia era imprescindible para terminar con el dominio espa\u00f1ol, pues el peligro realista continuaba latente. Es as\u00ed que, d\u00edas despu\u00e9s de haber llegado al territorio, San Mart\u00edn inform\u00f3 que las tropas realistas se hab\u00edan retirado.<\/p>\n\n\n\n<p>La efem\u00e9rides peruana fue recordada por el primer mandatario boliviano, quien expres\u00f3 a trav\u00e9s de sus redes sociales:<\/p>\n\n\n\n<p><em>\u201cNuestras m\u00e1s sinceras felicitaciones a la hermana Rep\u00fablica del #Per\u00fa, que hoy celebra 201 a\u00f1os de su Independencia. Somos dos pa\u00edses hermanados por la historia, cultura y, sobre todo, la lucha por la liberaci\u00f3n y soberan\u00eda de nuestros pueblos.<\/em><\/p>\n\n\n\n<p><em>\u00a1Viva Per\u00fa! \u00a1Viva Bolivia!\u201d<\/em><\/p>\n","protected":false},"excerpt":{"rendered":"<p>Hoy se cumplen 201 a\u00f1os de la proclamaci\u00f3n de la independencia de la hermana Rep\u00fablica del Per\u00fa por el pr\u00f3cer, General Jos\u00e9 de San Mart\u00edn. En la ocasi\u00f3n, \u00e9l pronunci\u00f3 palabras que trascendieron en la historia: \u201c(\u2026) permanecer\u00e1n esculpidas en el coraz\u00f3n de todo peruano eternamente: El Per\u00fa es desde este momento libre e independiente por la voluntad general de los pueblos, y por la justicia de su causa que Dios defiende\u201d. Ante el clamor popular, el general ocup\u00f3 el cargo de Protector del Per\u00fa, mismo que, en un inicio, se hab\u00eda negado a aceptar. Su amigo y secretario, Bernardo<\/p>\n","protected":false},"author":2,"featured_media":26129,"comment_status":"closed","ping_status":"open","sticky":false,"template":"","format":"standard","meta":{"_seopress_robots_primary_cat":"none","_seopress_titles_title":"","_seopress_titles_desc":"","_seopress_robots_index":"","_jetpack_memberships_contains_paid_content":false,"footnotes":""},"categories":[107],"tags":[3300,402,3301,176],"class_list":["post-26127","post","type-post","status-publish","format-standard","has-post-thumbnail","hentry","category-internacional","tag-201-anos","tag-aniversario","tag-bicentenario","tag-peru"],"jetpack_featured_media_url":"https:\/\/elradar.info\/wp-content\/uploads\/2022\/07\/1280px-Gobierno_esta_decidido_a_impulsar_institucionalidad_y_modernizacion_de_las_fuerzas_armadas_35266738165.jpg","jetpack_sharing_enabled":true,"amp_enabled":true,"_links":{"self":[{"href":"https:\/\/elradar.info\/index.php?rest_route=\/wp\/v2\/posts\/26127","targetHints":{"allow":["GET"]}}],"collection":[{"href":"https:\/\/elradar.info\/index.php?rest_route=\/wp\/v2\/posts"}],"about":[{"href":"https:\/\/elradar.info\/index.php?rest_route=\/wp\/v2\/types\/post"}],"author":[{"embeddable":true,"href":"https:\/\/elradar.info\/index.php?rest_route=\/wp\/v2\/users\/2"}],"replies":[{"embeddable":true,"href":"https:\/\/elradar.info\/index.php?rest_route=%2Fwp%2Fv2%2Fcomments&post=26127"}],"version-history":[{"count":1,"href":"https:\/\/elradar.info\/index.php?rest_route=\/wp\/v2\/posts\/26127\/revisions"}],"predecessor-version":[{"id":26130,"href":"https:\/\/elradar.info\/index.php?rest_route=\/wp\/v2\/posts\/26127\/revisions\/26130"}],"wp:featuredmedia":[{"embeddable":true,"href":"https:\/\/elradar.info\/index.php?rest_route=\/wp\/v2\/media\/26129"}],"wp:attachment":[{"href":"https:\/\/elradar.info\/index.php?rest_route=%2Fwp%2Fv2%2Fmedia&parent=26127"}],"wp:term":[{"taxonomy":"category","embeddable":true,"href":"https:\/\/elradar.info\/index.php?rest_route=%2Fwp%2Fv2%2Fcategories&post=26127"},{"taxonomy":"post_tag","embeddable":true,"href":"https:\/\/elradar.info\/index.php?rest_route=%2Fwp%2Fv2%2Ftags&post=26127"}],"curies":[{"name":"wp","href":"https:\/\/api.w.org\/{rel}","templated":true}]}}