{"id":26158,"date":"2022-07-29T11:29:46","date_gmt":"2022-07-29T15:29:46","guid":{"rendered":"http:\/\/elradar.info\/?p=26158"},"modified":"2024-02-01T12:16:33","modified_gmt":"2024-02-01T16:16:33","slug":"nace-codepro-coordinadora-departamental-de-profesionales-de-santa-cruz","status":"publish","type":"post","link":"https:\/\/elradar.info\/?p=26158","title":{"rendered":"<strong>Nace CODEPRO Coordinadora Departamental de Profesionales de Santa Cruz<\/strong>"},"content":{"rendered":"\n<p>El presidente del estado plurinacional de Bolivia, Luis Arce Catacora, particip\u00f3 anoche en la primera sesi\u00f3n de la reci\u00e9n creada Coordinadora Departamental de Profesionales de Santa Cruz (CODEPRO), organizaci\u00f3n conformada por profesionales de distintas ramas que buscan defender los intereses de los profesionales y evitar que otros grupos se adjudiquen su representatividad.<\/p>\n\n\n\n<p>En su intervenci\u00f3n, Arce destac\u00f3 la importancia de los profesionales durante el proceso de cambio desde 2006:<\/p>\n\n\n\n<p><em>\u201cEl pa\u00eds siempre va a necesitar profesionales con conciencia social, que desarrolle ciencia con conciencia, porque de nada nos sirve estudiar tantas horas, quemarnos las pesta\u00f1as leyendo tantos libros si no encontramos plasmar nuestros conocimientos en algo que sea \u00fatil a nuestras hermanas y hermanos, que sea \u00fatil al pr\u00f3jimo, que sea \u00fatil a infinidad de bolivianos que hoy est\u00e1n esperando mucho de nosotros los profesionales\u201d<\/em>, destac\u00f3.<\/p>\n\n\n\n<p>El primer mandatario tambi\u00e9n recalc\u00f3 que la nueva organizaci\u00f3n es abierta y busca tener amplia representatividad:<\/p>\n\n\n\n<p><em>\u201cEsta organizaci\u00f3n viene a llenar ese vac\u00edo para que todos se sientan representados, para que todos sientan que pueden participar y aportar en esta su organizaci\u00f3n; por eso yo quiero felicitarlos a todos por la iniciativa que han tenido\u201d<\/em>, detall\u00f3.<\/p>\n\n\n\n<figure class=\"wp-block-gallery has-nested-images columns-default is-cropped wp-block-gallery-1 is-layout-flex wp-block-gallery-is-layout-flex\">\n<figure class=\"wp-block-image size-large\"><img loading=\"lazy\" decoding=\"async\" width=\"1024\" height=\"682\" data-id=\"26161\" src=\"https:\/\/elradar.info\/wp-content\/uploads\/2022\/07\/296232343_586321366280792_8336086915220441082_n-1024x682.jpg\" alt=\"\" class=\"wp-image-26161\" srcset=\"https:\/\/elradar.info\/wp-content\/uploads\/2022\/07\/296232343_586321366280792_8336086915220441082_n-1024x682.jpg 1024w, https:\/\/elradar.info\/wp-content\/uploads\/2022\/07\/296232343_586321366280792_8336086915220441082_n-300x200.jpg 300w, https:\/\/elradar.info\/wp-content\/uploads\/2022\/07\/296232343_586321366280792_8336086915220441082_n-768x512.jpg 768w, https:\/\/elradar.info\/wp-content\/uploads\/2022\/07\/296232343_586321366280792_8336086915220441082_n-720x480.jpg 720w, https:\/\/elradar.info\/wp-content\/uploads\/2022\/07\/296232343_586321366280792_8336086915220441082_n-480x320.jpg 480w, https:\/\/elradar.info\/wp-content\/uploads\/2022\/07\/296232343_586321366280792_8336086915220441082_n.jpg 1280w\" sizes=\"auto, (max-width: 1024px) 100vw, 1024px\" \/><\/figure>\n\n\n\n<figure class=\"wp-block-image size-large\"><img loading=\"lazy\" decoding=\"async\" width=\"1024\" height=\"682\" data-id=\"26163\" src=\"https:\/\/elradar.info\/wp-content\/uploads\/2022\/07\/296337014_586321522947443_3556928075604813318_n-1024x682.jpg\" alt=\"\" class=\"wp-image-26163\" srcset=\"https:\/\/elradar.info\/wp-content\/uploads\/2022\/07\/296337014_586321522947443_3556928075604813318_n-1024x682.jpg 1024w, https:\/\/elradar.info\/wp-content\/uploads\/2022\/07\/296337014_586321522947443_3556928075604813318_n-300x200.jpg 300w, https:\/\/elradar.info\/wp-content\/uploads\/2022\/07\/296337014_586321522947443_3556928075604813318_n-768x512.jpg 768w, https:\/\/elradar.info\/wp-content\/uploads\/2022\/07\/296337014_586321522947443_3556928075604813318_n-720x480.jpg 720w, https:\/\/elradar.info\/wp-content\/uploads\/2022\/07\/296337014_586321522947443_3556928075604813318_n-480x320.jpg 480w, https:\/\/elradar.info\/wp-content\/uploads\/2022\/07\/296337014_586321522947443_3556928075604813318_n.jpg 1280w\" sizes=\"auto, (max-width: 1024px) 100vw, 1024px\" \/><\/figure>\n\n\n\n<figure class=\"wp-block-image size-large\"><img loading=\"lazy\" decoding=\"async\" width=\"1024\" height=\"734\" data-id=\"26162\" src=\"https:\/\/elradar.info\/wp-content\/uploads\/2022\/07\/296349418_586321546280774_1324701672161904406_n-1024x734.jpg\" alt=\"\" class=\"wp-image-26162\" srcset=\"https:\/\/elradar.info\/wp-content\/uploads\/2022\/07\/296349418_586321546280774_1324701672161904406_n-1024x734.jpg 1024w, https:\/\/elradar.info\/wp-content\/uploads\/2022\/07\/296349418_586321546280774_1324701672161904406_n-300x215.jpg 300w, https:\/\/elradar.info\/wp-content\/uploads\/2022\/07\/296349418_586321546280774_1324701672161904406_n-768x551.jpg 768w, https:\/\/elradar.info\/wp-content\/uploads\/2022\/07\/296349418_586321546280774_1324701672161904406_n-1536x1101.jpg 1536w, https:\/\/elradar.info\/wp-content\/uploads\/2022\/07\/296349418_586321546280774_1324701672161904406_n-480x344.jpg 480w, https:\/\/elradar.info\/wp-content\/uploads\/2022\/07\/296349418_586321546280774_1324701672161904406_n.jpg 1600w\" sizes=\"auto, (max-width: 1024px) 100vw, 1024px\" \/><\/figure>\n<\/figure>\n","protected":false},"excerpt":{"rendered":"<p>El presidente del estado plurinacional de Bolivia, Luis Arce Catacora, particip\u00f3 anoche en la primera sesi\u00f3n de la reci\u00e9n creada Coordinadora Departamental de Profesionales de Santa Cruz (CODEPRO), organizaci\u00f3n conformada por profesionales de distintas ramas que buscan defender los intereses de los profesionales y evitar que otros grupos se adjudiquen su representatividad. En su intervenci\u00f3n, Arce destac\u00f3 la importancia de los profesionales durante el proceso de cambio desde 2006: \u201cEl pa\u00eds siempre va a necesitar profesionales con conciencia social, que desarrolle ciencia con conciencia, porque de nada nos sirve estudiar tantas horas, quemarnos las pesta\u00f1as leyendo tantos libros si no<\/p>\n","protected":false},"author":2,"featured_media":26160,"comment_status":"closed","ping_status":"open","sticky":false,"template":"","format":"standard","meta":{"_seopress_robots_primary_cat":"none","_seopress_titles_title":"","_seopress_titles_desc":"","_seopress_robots_index":"","_jetpack_memberships_contains_paid_content":false,"footnotes":""},"categories":[103],"tags":[109,3317,3318,120,167],"class_list":["post-26158","post","type-post","status-publish","format-standard","has-post-thumbnail","hentry","category-nacional","tag-bolivia","tag-codepro","tag-coordinadora-departamental-de-profesionales-de-santa-cruz","tag-luis-arce-catacora","tag-santa-cruz"],"jetpack_featured_media_url":"https:\/\/elradar.info\/wp-content\/uploads\/2022\/07\/296243409_586322049614057_1872400758679536145_n.jpg","jetpack_sharing_enabled":true,"amp_enabled":true,"_links":{"self":[{"href":"https:\/\/elradar.info\/index.php?rest_route=\/wp\/v2\/posts\/26158","targetHints":{"allow":["GET"]}}],"collection":[{"href":"https:\/\/elradar.info\/index.php?rest_route=\/wp\/v2\/posts"}],"about":[{"href":"https:\/\/elradar.info\/index.php?rest_route=\/wp\/v2\/types\/post"}],"author":[{"embeddable":true,"href":"https:\/\/elradar.info\/index.php?rest_route=\/wp\/v2\/users\/2"}],"replies":[{"embeddable":true,"href":"https:\/\/elradar.info\/index.php?rest_route=%2Fwp%2Fv2%2Fcomments&post=26158"}],"version-history":[{"count":2,"href":"https:\/\/elradar.info\/index.php?rest_route=\/wp\/v2\/posts\/26158\/revisions"}],"predecessor-version":[{"id":26165,"href":"https:\/\/elradar.info\/index.php?rest_route=\/wp\/v2\/posts\/26158\/revisions\/26165"}],"wp:featuredmedia":[{"embeddable":true,"href":"https:\/\/elradar.info\/index.php?rest_route=\/wp\/v2\/media\/26160"}],"wp:attachment":[{"href":"https:\/\/elradar.info\/index.php?rest_route=%2Fwp%2Fv2%2Fmedia&parent=26158"}],"wp:term":[{"taxonomy":"category","embeddable":true,"href":"https:\/\/elradar.info\/index.php?rest_route=%2Fwp%2Fv2%2Fcategories&post=26158"},{"taxonomy":"post_tag","embeddable":true,"href":"https:\/\/elradar.info\/index.php?rest_route=%2Fwp%2Fv2%2Ftags&post=26158"}],"curies":[{"name":"wp","href":"https:\/\/api.w.org\/{rel}","templated":true}]}}